{"id":89026,"date":"2026-01-13T11:25:00","date_gmt":"2026-01-13T17:25:00","guid":{"rendered":"https:\/\/zonaroja.com.mx\/?p=89026"},"modified":"2026-01-13T13:03:03","modified_gmt":"2026-01-13T19:03:03","slug":"apenas-inicia-el-2026-y-en-oaxaca-ya-asesinaron-a-dos-mujeres-2025-cerro-con-89-victimas","status":"publish","type":"post","link":"https:\/\/zonaroja.com.mx\/?p=89026","title":{"rendered":"Apenas inicia el 2026 y en Oaxaca ya asesinaron a dos mujeres; 2025 cerr\u00f3 con 89 v\u00edctimas\u00a0"},"content":{"rendered":"\n<p>Lisbeth Mej\u00eda Reyes\/Zona Roja.<\/p>\n\n\n\n<p>Oaxaca, Oax., a 13 de enero de 2026.- A pocos d\u00edas de haber iniciado el a\u00f1o 2026, la violencia feminicida ya cobr\u00f3 la vida de dos mujeres en el estado de Oaxaca: Soledad y Lucero.&nbsp;<\/p>\n\n\n\n<p>Una de ellas a manos de su pareja y en su hogar, mientras que la otra fue localizada en un camino y con impactos de arma de fuego.<\/p>\n\n\n\n<p>Con sus asesinatos, son 289 las mujeres v\u00edctimas de la violencia en lo que va de la administraci\u00f3n estatal del gobernador Salom\u00f3n Jara Cruz (del 1 de diciembre del 2022 al 12 de enero del 2026), de acuerdo con el Observatorio del Feminicidio del Grupo de Estudios sobre la Mujer Rosario Castellanos (GES Mujer).<\/p>\n\n\n\n<p>El primer asesinato fue el 7 de enero y corresponde a Lucero R. M., adolescente de aproximadamente 17 a\u00f1os de edad, cuyo cuerpo presentaba impactos de bala y fue localizado a la altura del puente del r\u00edo \u201cCopala\u201d, en el camino a la localidad de San Juan Lagunas, Putla Villa de Guerrero.&nbsp;<\/p>\n\n\n\n<p>La segunda v\u00edctima fue Soledad S. B., presuntamente asesinada con arma punzo cortante por su esposo, Delfino A. M., en la madrugada del 10 de enero. De acuerdo con los reportes, el presunto feminicidio ocurri\u00f3 en el barrio Juquilita de la agencia Corcovado Petaca, San Pedro Pochutla.&nbsp;<\/p>\n\n\n\n<p>El presunto feminicida tambi\u00e9n asesin\u00f3 a un vecino (Leonel A. M.) que se encontr\u00f3 durante su hu\u00edda. Sin embargo, al d\u00eda siguiente, fue abatido por polic\u00edas, a quienes trat\u00f3 de agredir para evitar su detenci\u00f3n, seg\u00fan inform\u00f3 la Fiscal\u00eda General del Estado de Oaxaca.<\/p>\n\n\n\n<p>\u00abM\u00e1s all\u00e1 de las estad\u00edsticas, cada ni\u00f1a y mujer v\u00edctimas de una violencia feminicida que crece, se extiende y atenta contra las m\u00e1s vulnerables\u00bb, expres\u00f3 GES Mujer, al externar su preocupaci\u00f3n \u00abporque a cada una de ellas, el Estado les fall\u00f3\u00bb.&nbsp;<\/p>\n\n\n\n<p>\u00abDolor, indignaci\u00f3n e impunidad es lo que enfrentan sus hijas, hijos, madres, padres, familias enteras, como consecuencia de negligencias u omisiones de Estado que vulner\u00f3 sus derechos\u00bb, apunt\u00f3 la organizaci\u00f3n feminista, al llamar a la sociedad a exigir \u00abacciones contundentes de protecci\u00f3n a la vida de las mujeres y las ni\u00f1as\u00bb.<\/p>\n\n\n\n<p>De acuerdo con la Fiscal\u00eda General del Estado, el 2025 cerr\u00f3 con 89 muertes violentas de mujeres, 16 de las cuales fueron clasificadas como feminicidios y 73 como homicidios dolosos.<\/p>\n","protected":false},"excerpt":{"rendered":"<p>Lisbeth Mej\u00eda Reyes\/Zona Roja. Oaxaca, Oax., a 13 de enero de 2026.- A pocos d\u00edas&hellip;<\/p>\n","protected":false},"author":2,"featured_media":68048,"comment_status":"closed","ping_status":"open","sticky":false,"template":"","format":"standard","meta":{"_lmt_disableupdate":"","_lmt_disable":"","_jetpack_memberships_contains_paid_content":false,"footnotes":""},"categories":[109,47],"tags":[610],"class_list":["post-89026","post","type-post","status-publish","format-standard","has-post-thumbnail","hentry","category-minuto-a-minuto","category-zona-gris","tag-feminicidios-oaxaca"],"jetpack_featured_media_url":"https:\/\/zonaroja.com.mx\/wp-content\/uploads\/2024\/05\/Feminicidio-monumento-antimonumenta.jpg","jetpack_sharing_enabled":true,"_links":{"self":[{"href":"https:\/\/zonaroja.com.mx\/index.php?rest_route=\/wp\/v2\/posts\/89026","targetHints":{"allow":["GET"]}}],"collection":[{"href":"https:\/\/zonaroja.com.mx\/index.php?rest_route=\/wp\/v2\/posts"}],"about":[{"href":"https:\/\/zonaroja.com.mx\/index.php?rest_route=\/wp\/v2\/types\/post"}],"author":[{"embeddable":true,"href":"https:\/\/zonaroja.com.mx\/index.php?rest_route=\/wp\/v2\/users\/2"}],"replies":[{"embeddable":true,"href":"https:\/\/zonaroja.com.mx\/index.php?rest_route=%2Fwp%2Fv2%2Fcomments&post=89026"}],"version-history":[{"count":2,"href":"https:\/\/zonaroja.com.mx\/index.php?rest_route=\/wp\/v2\/posts\/89026\/revisions"}],"predecessor-version":[{"id":89038,"href":"https:\/\/zonaroja.com.mx\/index.php?rest_route=\/wp\/v2\/posts\/89026\/revisions\/89038"}],"wp:featuredmedia":[{"embeddable":true,"href":"https:\/\/zonaroja.com.mx\/index.php?rest_route=\/wp\/v2\/media\/68048"}],"wp:attachment":[{"href":"https:\/\/zonaroja.com.mx\/index.php?rest_route=%2Fwp%2Fv2%2Fmedia&parent=89026"}],"wp:term":[{"taxonomy":"category","embeddable":true,"href":"https:\/\/zonaroja.com.mx\/index.php?rest_route=%2Fwp%2Fv2%2Fcategories&post=89026"},{"taxonomy":"post_tag","embeddable":true,"href":"https:\/\/zonaroja.com.mx\/index.php?rest_route=%2Fwp%2Fv2%2Ftags&post=89026"}],"curies":[{"name":"wp","href":"https:\/\/api.w.org\/{rel}","templated":true}]}}