{"id":89028,"date":"2026-01-13T12:27:00","date_gmt":"2026-01-13T18:27:00","guid":{"rendered":"https:\/\/zonaroja.com.mx\/?p=89028"},"modified":"2026-01-13T07:34:04","modified_gmt":"2026-01-13T13:34:04","slug":"desaparecen-pareja-y-amiga-de-reportero-asesinado-en-poza-rica","status":"publish","type":"post","link":"https:\/\/zonaroja.com.mx\/?p=89028","title":{"rendered":"Desaparecen pareja y amiga de reportero asesinado en Poza Rica"},"content":{"rendered":"\n<p>Redacci\u00f3n\/Zona Roja Cdmx.<\/p>\n\n\n\n<p>(Informaci\u00f3n de \u201cLa Jornada\u201d)<\/p>\n\n\n\n<p>Ciudad de M\u00e9xico, a 13 de enero de 2026.- Wendy Arantxa Portilla y Karime Monserrat Murrieta, respectivamente pareja y amiga del periodista Carlos Leonardo Ram\u00edrez Castro, asesinado en Poza Rica, Veracruz, fueron reportadas como desaparecidas por sus familiares.<\/p>\n\n\n\n<p>De acuerdo con las fichas de b\u00fasqueda, se les vio por \u00faltima vez el 10 de enero en dicha localidad, luego del funeral. Ambas mujeres acudieron en compa\u00f1\u00eda de amigos a los actos luctuosos; sin embargo, sus seres queridos no han podido comunicarse con ellas.<\/p>\n\n\n\n<p>Wendy, de 23 a\u00f1os, tiene ojos caf\u00e9 oscuro, piel blanca y el cabello te\u00f1ido de rojo, corto y lacio, y tatuajes en ambos brazos; mientras, Karime, de 22 a\u00f1os, tiene cabello lacio y negro, con tatuajes cerca de las orejas.<\/p>\n\n\n\n<p>El Consejo Estatal Ciudadano de B\u00fasqueda de Personas del Estado de Veracruz, hizo un llamado a las autoridades para que se activen de inmediato los protocolos de b\u00fasqueda y las localicen con vida.<\/p>\n\n\n\n<p>Indic\u00f3 que periodistas, columnistas y fotoperiodistas han sido aliados fundamentales al documentar la desaparici\u00f3n forzada, y reiteraron su reconocimiento y respaldo a los comunicadores violentados en Veracruz.<\/p>\n\n\n\n<p>\u201cLlamamos al gobierno del estado y al federal a localizar vivas a la brevedad a Wendy Arantxa y a Karime, como lo exigimos por todas y todos los desaparecidos de Veracruz y del pa\u00eds\u201d, precis\u00f3 el consejo.<\/p>\n\n\n\n<p>El 8 de enero en la noche, hombres armados arribaron a un restaurante donde se encontraba Carlos Ram\u00edrez, y seg\u00fan testimonios, fue atacado de manera directa.<\/p>\n\n\n\n<p>La Oficina en M\u00e9xico del Alto Comisionado de Naciones Unidas para los Derechos Humanos M\u00e9xico extern\u00f3 su consternaci\u00f3n por el asesinato y pidi\u00f3 a las autoridades continuar las investigaciones, as\u00ed como a garantizar medidas de protecci\u00f3n para el c\u00edrculo cercano del periodista Carlos Castro, quien se convierte en el primer reportero de la fuente policiaca ultimado en 2026.<\/p>\n\n\n\n<p>Seg\u00fan Reporteros sin Fronteras, M\u00e9xico es el segundo pa\u00eds m\u00e1s peligroso del mundo para los periodistas, con nueve homicidios perpetrados hasta el primero de diciembre de 2025.<\/p>\n\n\n\n<p>La fiscal\u00eda veracruzana detuvo a cinco personas, tras catear el centro Hablemos de Felicidad, que en apariencia era un anexo para rehabilitar a personas con adicciones, en la colonia L\u00e1zaro C\u00e1rdenas.<\/p>\n\n\n\n<p>El sitio fue identificarlo como un punto de operaci\u00f3n de un grupo delictivo en el municipio de Coatzacoalcos, en el sur del estado, y qued\u00f3 bajo resguardo del Ej\u00e9rcito mexicano.<\/p>\n","protected":false},"excerpt":{"rendered":"<p>Redacci\u00f3n\/Zona Roja Cdmx. (Informaci\u00f3n de \u201cLa Jornada\u201d) Ciudad de M\u00e9xico, a 13 de enero de&hellip;<\/p>\n","protected":false},"author":2,"featured_media":89029,"comment_status":"closed","ping_status":"open","sticky":false,"template":"","format":"standard","meta":{"_lmt_disableupdate":"","_lmt_disable":"","_jetpack_memberships_contains_paid_content":false,"footnotes":""},"categories":[109,47],"tags":[4628],"class_list":["post-89028","post","type-post","status-publish","format-standard","has-post-thumbnail","hentry","category-minuto-a-minuto","category-zona-gris","tag-carlos-leonardo-ramirez-castro"],"jetpack_featured_media_url":"https:\/\/zonaroja.com.mx\/wp-content\/uploads\/2026\/01\/Desaparecen-pareja-y-amiga-de-reportero-asesinado-Veracruz.jpeg","jetpack_sharing_enabled":true,"_links":{"self":[{"href":"https:\/\/zonaroja.com.mx\/index.php?rest_route=\/wp\/v2\/posts\/89028","targetHints":{"allow":["GET"]}}],"collection":[{"href":"https:\/\/zonaroja.com.mx\/index.php?rest_route=\/wp\/v2\/posts"}],"about":[{"href":"https:\/\/zonaroja.com.mx\/index.php?rest_route=\/wp\/v2\/types\/post"}],"author":[{"embeddable":true,"href":"https:\/\/zonaroja.com.mx\/index.php?rest_route=\/wp\/v2\/users\/2"}],"replies":[{"embeddable":true,"href":"https:\/\/zonaroja.com.mx\/index.php?rest_route=%2Fwp%2Fv2%2Fcomments&post=89028"}],"version-history":[{"count":1,"href":"https:\/\/zonaroja.com.mx\/index.php?rest_route=\/wp\/v2\/posts\/89028\/revisions"}],"predecessor-version":[{"id":89030,"href":"https:\/\/zonaroja.com.mx\/index.php?rest_route=\/wp\/v2\/posts\/89028\/revisions\/89030"}],"wp:featuredmedia":[{"embeddable":true,"href":"https:\/\/zonaroja.com.mx\/index.php?rest_route=\/wp\/v2\/media\/89029"}],"wp:attachment":[{"href":"https:\/\/zonaroja.com.mx\/index.php?rest_route=%2Fwp%2Fv2%2Fmedia&parent=89028"}],"wp:term":[{"taxonomy":"category","embeddable":true,"href":"https:\/\/zonaroja.com.mx\/index.php?rest_route=%2Fwp%2Fv2%2Fcategories&post=89028"},{"taxonomy":"post_tag","embeddable":true,"href":"https:\/\/zonaroja.com.mx\/index.php?rest_route=%2Fwp%2Fv2%2Ftags&post=89028"}],"curies":[{"name":"wp","href":"https:\/\/api.w.org\/{rel}","templated":true}]}}