{"id":8903,"date":"2020-02-18T09:17:06","date_gmt":"2020-02-18T15:17:06","guid":{"rendered":"http:\/\/www.zonaroja.com.mx\/?p=8903"},"modified":"2020-02-18T12:08:30","modified_gmt":"2020-02-18T18:08:30","slug":"pobladores-defienden-proyecto-minero-en-totolapan-niegan-invasion-de-territorio","status":"publish","type":"post","link":"https:\/\/zonaroja.com.mx\/?p=8903","title":{"rendered":"Pobladores defienden proyecto minero en Totolapan; niegan invasi\u00f3n de territorio"},"content":{"rendered":"\n<p>Yuridiana Sosa\/Zona Roja.<\/p>\n\n\n\n<p>Oaxaca de Ju\u00e1rez, Oax., 18 de febrero de 2020.- Ejidatarios de San Pedro Totol\u00e1pam, adheridos al Sindicato Nacional de Trabajadores de la Construcci\u00f3n Similares y Conexos, de la Confederaci\u00f3n de Trabajadores de M\u00e9xico (CTM), rechazaron la invasi\u00f3n de territorios ajenos a su comunidad, como parte del proyecto minero que ah\u00ed desarrolla la empresa Don David Gold S.A. de C.V.<\/p>\n\n\n\n<p>A trav\u00e9s de un comunicado, los\nsindicalizados negaron que los trabajos afecten a otras comunidades cercanas,\ncomo lo manifestaron esta semana habitantes de San Pedro Quiatoni, quienes\nencabezados por la autoridad comunal se declararon en lucha contra la\ncontaminaci\u00f3n que generar\u00e1 dicho proyecto en la zona.<\/p>\n\n\n\n<p>En su derecho como habitantes de la\ncomunidad, los sindicalizado recalcaron su respaldo a los trabajos de la\nempresa extranjera debido a la creaci\u00f3n de empleos directos e indirectos que se\ngeneran.<\/p>\n\n\n\n<p>Los ejidatarios de San Pedro Totol\u00e1pam\naseveraron que el proyecto de miner\u00eda se desarrolla de forma exclusiva en\nterritorio ejidal y aut\u00f3nomo en ese municipio de la regi\u00f3n de Valles Centrales.<\/p>\n\n\n\n<p>Adem\u00e1s, indicaron que desde el inicio\nde los trabajos se han mantenido vigilantes de que la empresa Don David Gold\nS.A. de C.V. respete los l\u00edmites, las disposiciones legales ambientales y las\ndisposiciones ejidales, municipales, estatales y federales a fin de mantener el\norden social.<\/p>\n\n\n\n<p>Sin embargo, los inconformes de la\npoblaci\u00f3n vecina de San Pedro Quiatoni, advierte trabajos subterr\u00e1neos que\nllegan hasta su comunidad, lo cual fue evidenciado ante la intenci\u00f3n de la\nempresa de abrir \u201crespiraderos\u201d para la mina en su territorio comunal, el cual\nlo han declarado \u201cZona protegida\u201d contra ese tipo de proyectos.<\/p>\n","protected":false},"excerpt":{"rendered":"<p>Yuridiana Sosa\/Zona Roja. Oaxaca de Ju\u00e1rez, Oax., 18 de febrero de 2020.- Ejidatarios de San&hellip;<\/p>\n","protected":false},"author":2,"featured_media":8904,"comment_status":"closed","ping_status":"open","sticky":false,"template":"","format":"standard","meta":{"_lmt_disableupdate":"","_lmt_disable":"","_jetpack_memberships_contains_paid_content":false,"footnotes":""},"categories":[109,49],"tags":[1391,1390],"class_list":["post-8903","post","type-post","status-publish","format-standard","has-post-thumbnail","hentry","category-minuto-a-minuto","category-zona-fresa","tag-don-david-gold","tag-san-pedro-totolapam"],"jetpack_featured_media_url":"https:\/\/zonaroja.com.mx\/wp-content\/uploads\/2020\/02\/Mina-Don-David-Gold.jpg","jetpack_sharing_enabled":true,"_links":{"self":[{"href":"https:\/\/zonaroja.com.mx\/index.php?rest_route=\/wp\/v2\/posts\/8903","targetHints":{"allow":["GET"]}}],"collection":[{"href":"https:\/\/zonaroja.com.mx\/index.php?rest_route=\/wp\/v2\/posts"}],"about":[{"href":"https:\/\/zonaroja.com.mx\/index.php?rest_route=\/wp\/v2\/types\/post"}],"author":[{"embeddable":true,"href":"https:\/\/zonaroja.com.mx\/index.php?rest_route=\/wp\/v2\/users\/2"}],"replies":[{"embeddable":true,"href":"https:\/\/zonaroja.com.mx\/index.php?rest_route=%2Fwp%2Fv2%2Fcomments&post=8903"}],"version-history":[{"count":2,"href":"https:\/\/zonaroja.com.mx\/index.php?rest_route=\/wp\/v2\/posts\/8903\/revisions"}],"predecessor-version":[{"id":8909,"href":"https:\/\/zonaroja.com.mx\/index.php?rest_route=\/wp\/v2\/posts\/8903\/revisions\/8909"}],"wp:featuredmedia":[{"embeddable":true,"href":"https:\/\/zonaroja.com.mx\/index.php?rest_route=\/wp\/v2\/media\/8904"}],"wp:attachment":[{"href":"https:\/\/zonaroja.com.mx\/index.php?rest_route=%2Fwp%2Fv2%2Fmedia&parent=8903"}],"wp:term":[{"taxonomy":"category","embeddable":true,"href":"https:\/\/zonaroja.com.mx\/index.php?rest_route=%2Fwp%2Fv2%2Fcategories&post=8903"},{"taxonomy":"post_tag","embeddable":true,"href":"https:\/\/zonaroja.com.mx\/index.php?rest_route=%2Fwp%2Fv2%2Ftags&post=8903"}],"curies":[{"name":"wp","href":"https:\/\/api.w.org\/{rel}","templated":true}]}}