{"id":89031,"date":"2026-01-13T13:30:00","date_gmt":"2026-01-13T19:30:00","guid":{"rendered":"https:\/\/zonaroja.com.mx\/?p=89031"},"modified":"2026-01-13T07:52:19","modified_gmt":"2026-01-13T13:52:19","slug":"opinion-el-embajador-oaxaqueno-en-caracas","status":"publish","type":"post","link":"https:\/\/zonaroja.com.mx\/?p=89031","title":{"rendered":"Opini\u00f3n.El embajador oaxaque\u00f1o en Caracas"},"content":{"rendered":"\n<p>N\u00e9stor Y. S\u00e1nchez Islas.<\/p>\n\n\n\n<p>Es correcto, el embajador mexicano en Caracas, Venezuela, es el juchiteco Leopoldo De Gyves de la Cruz. Pero&nbsp;\u00bfQu\u00e9&nbsp;hace un autodenominado luchador social en un puesto diplom\u00e1tico para el que carece absolutamente de preparaci\u00f3n?&nbsp;Creo que fueron tres cosas:&nbsp;un premio de consolaci\u00f3n, la lealtad con la causa y la&nbsp;pertenencia&nbsp;ideol\u00f3gica&nbsp;al&nbsp;grupo en el poder.&nbsp;Esto lo&nbsp;convierte, entonces, m\u00e1s que como un&nbsp;embajador&nbsp;de M\u00e9xico en&nbsp;solo&nbsp;un comisario pol\u00edtico de L\u00f3pez Obrador&nbsp;ante el chavismo.<\/p>\n\n\n\n<p>All\u00e1 por 2022 le declar\u00f3 a Octavio V\u00e9lez, c\u00e1ndidamente, que el puesto era un reconocimiento a su lucha social y pol\u00edtica, a las luchas del pueblo istme\u00f1o&nbsp;por&nbsp;todos aquellos revolucionarios mexicanos que hab\u00edan luchado contra el autoritarismo y la represi\u00f3n y por los desaparecidos. A\u00f1adi\u00f3 que, para la rep\u00fablica bolivariana de Venezuela, su perfil pol\u00edtico era apropiado.<\/p>\n\n\n\n<p>Pero el chavismo representa todo contra lo que luch\u00f3 en Oaxaca.<\/p>\n\n\n\n<p>El embajador est\u00e1 ahora en medio de un conflicto internacional y, con seguridad, en la mira de&nbsp;la agencias de inteligencia&nbsp;norteamericana&nbsp;por la legitimaci\u00f3n de un r\u00e9gimen espurio frente al desconocimiento internacional por las elecciones fraudulentas del a\u00f1o pasado en ese pa\u00eds.&nbsp;Su asistencia a la toma de Maduro en enero del a\u00f1o pasado fue una legitimaci\u00f3n de facto. Esta implicaci\u00f3n es, para los norteamericanos, un espaldarazo para un dictador al que juzgar\u00e1n como narcoterrorista.<\/p>\n\n\n\n<p>Seg\u00fan noticias de ese pa\u00eds,&nbsp;dedica m\u00e1s tiempo a su interlocuci\u00f3n con el Partido Socialista Unido de Venezuela, PSUV, que dedicarse a tareas diplom\u00e1ticas, en las que se involucra en&nbsp;labores&nbsp;de resistencia ante el imperialismo de USA, pero no del de&nbsp;Rusia o China. Para los norteamericanos, De&nbsp;Gyves&nbsp;se convirti\u00f3 en un interlocutor de confianza entre la 4T y Maduro en la que su trabajo principal fue m\u00e1s por la preservaci\u00f3n del modelo pol\u00edtico del chavismo que una neutralidad diplom\u00e1tica. Seguramente para las agencias de inteligencia norteamericanas y para Trump, el trabajo del embajador ha sido una forma de obstrucci\u00f3n pasiva.<\/p>\n\n\n\n<p>No hay evidencias p\u00fablicas de que el trabajo del embajador haya logrado avances en la democratizaci\u00f3n, apertura de mercados o inversiones, mucho menos avance alguno por el pago de las indemnizaciones&nbsp;para&nbsp;las empresas mexicanas que Hugo Ch\u00e1vez expropi\u00f3. Su trabajo se ve como un esfuerzo de supervivencia compartida entre el chavismo y el&nbsp;morenismo, ambos con acusaciones&nbsp;de narcotr\u00e1fico.&nbsp;Este&nbsp;tipo de&nbsp;trabajo es m\u00e1s para un comisario pol\u00edtico que para un embajador plenipotenciario.<\/p>\n\n\n\n<p>Entre otras cosas, el embajador y su movimiento han&nbsp;tratado&nbsp;de presentarnos a Maduro como un hermano latinoamericano&nbsp;para&nbsp;disminuir las cr\u00edticas sobre las&nbsp;acusaciones sobre su involucramiento con el narcoterrorismo. La postura de no intervenci\u00f3n es absolutamente oportunista ante los vaivenes que vemos&nbsp;de&nbsp;la canciller\u00eda mexicana ante los diferentes gobiernos de Latinoam\u00e9rica. No se conocen declaraciones personales del embajador m\u00e1s all\u00e1 de replicar los boletines&nbsp;del gobierno mexicano en cuanto&nbsp;al atentado a la soberan\u00eda de Venezuela, pero nada sobre el fraude electoral que cometi\u00f3 para mantenerse en el poder.<\/p>\n\n\n\n<p>Los Estados Unidos tienen abiertas investigaciones sobre el uso de&nbsp;valijas diplom\u00e1ticas para el traslado de drogas y lavado de dinero. Esas valijas pasaron por M\u00e9xico y podr\u00eda sospecharse que la embajada de nuestro pa\u00eds pudo haber tenido algo que ver. Habr\u00e1 que esperar, si es el caso, a lo que en alg\u00fan momento puedan informar las autoridades norteamericanas.<\/p>\n\n\n\n<p>Leopoldo De Gyves contin\u00faa como embajador a pesar de la intervenci\u00f3n norteamericana en suelo venezolano. La vida le coloca en un momento y lugar en que podr\u00eda tener la oportunidad de jugar alg\u00fan papel relevante, pero no podemos dejar de lado que ni \u00e9l ni el gobierno mexicano han dicho nada durante a\u00f1os y han guardado un silencio c\u00f3mplice ante la conversi\u00f3n de Venezuela como el principal basti\u00f3n islamista en&nbsp;el hemisferio occidental.<\/p>\n\n\n\n<p>Los&nbsp;lazos con Ir\u00e1n y el terrorismo que patrocinan son evidentes&nbsp;y hace muy poco se frustr\u00f3 un atentado contra la embajadora de Israel en M\u00e9xico operado por Ir\u00e1n desde Venezuela. Nada han dicho de la abierta cooperaci\u00f3n militar y tecnol\u00f3gica no solo con Ir\u00e1n, sino con China y Rusia, otras potencias imperiales&nbsp;tan ruines como cualquier otro imperio.<\/p>\n\n\n\n<p>El gobierno de Andr\u00e9s Manuel L\u00f3pez Obrador y el entonces canciller Marcelo Ebrard promovieron su perfil bajo el concepto de \u00abdiplomacia ind\u00edgena\u00bb. Al ser de origen zapoteco, se le present\u00f3 como un s\u00edmbolo de la representatividad de los pueblos originarios en el exterior, buscando establecer v\u00ednculos con los movimientos sociales y pueblos ind\u00edgenas de Am\u00e9rica Latina.<\/p>\n\n\n\n<p>La diplomacia ind\u00edgena, simplemente, no existe, solo es una falsa postura del r\u00e9gimen&nbsp;para legitimarse ante el mundo.<\/p>\n\n\n\n<p>nestoryuri@yahoo.com<\/p>\n","protected":false},"excerpt":{"rendered":"<p>N\u00e9stor Y. S\u00e1nchez Islas. Es correcto, el embajador mexicano en Caracas, Venezuela, es el juchiteco&hellip;<\/p>\n","protected":false},"author":2,"featured_media":67897,"comment_status":"closed","ping_status":"open","sticky":false,"template":"","format":"standard","meta":{"_lmt_disableupdate":"","_lmt_disable":"","_jetpack_memberships_contains_paid_content":false,"footnotes":""},"categories":[456,109],"tags":[3050],"class_list":["post-89031","post","type-post","status-publish","format-standard","has-post-thumbnail","hentry","category-columna","category-minuto-a-minuto","tag-nestor-yuri-sanchez"],"jetpack_featured_media_url":"https:\/\/zonaroja.com.mx\/wp-content\/uploads\/2024\/05\/Opinion-Nestor-Yuri-Sanchez.jpeg","jetpack_sharing_enabled":true,"_links":{"self":[{"href":"https:\/\/zonaroja.com.mx\/index.php?rest_route=\/wp\/v2\/posts\/89031","targetHints":{"allow":["GET"]}}],"collection":[{"href":"https:\/\/zonaroja.com.mx\/index.php?rest_route=\/wp\/v2\/posts"}],"about":[{"href":"https:\/\/zonaroja.com.mx\/index.php?rest_route=\/wp\/v2\/types\/post"}],"author":[{"embeddable":true,"href":"https:\/\/zonaroja.com.mx\/index.php?rest_route=\/wp\/v2\/users\/2"}],"replies":[{"embeddable":true,"href":"https:\/\/zonaroja.com.mx\/index.php?rest_route=%2Fwp%2Fv2%2Fcomments&post=89031"}],"version-history":[{"count":1,"href":"https:\/\/zonaroja.com.mx\/index.php?rest_route=\/wp\/v2\/posts\/89031\/revisions"}],"predecessor-version":[{"id":89032,"href":"https:\/\/zonaroja.com.mx\/index.php?rest_route=\/wp\/v2\/posts\/89031\/revisions\/89032"}],"wp:featuredmedia":[{"embeddable":true,"href":"https:\/\/zonaroja.com.mx\/index.php?rest_route=\/wp\/v2\/media\/67897"}],"wp:attachment":[{"href":"https:\/\/zonaroja.com.mx\/index.php?rest_route=%2Fwp%2Fv2%2Fmedia&parent=89031"}],"wp:term":[{"taxonomy":"category","embeddable":true,"href":"https:\/\/zonaroja.com.mx\/index.php?rest_route=%2Fwp%2Fv2%2Fcategories&post=89031"},{"taxonomy":"post_tag","embeddable":true,"href":"https:\/\/zonaroja.com.mx\/index.php?rest_route=%2Fwp%2Fv2%2Ftags&post=89031"}],"curies":[{"name":"wp","href":"https:\/\/api.w.org\/{rel}","templated":true}]}}