{"id":89039,"date":"2026-01-13T20:22:52","date_gmt":"2026-01-14T02:22:52","guid":{"rendered":"https:\/\/zonaroja.com.mx\/?p=89039"},"modified":"2026-01-13T20:22:55","modified_gmt":"2026-01-14T02:22:55","slug":"localizan-en-matias-romero-una-de-las-pipas-de-traileros-desaparecidos","status":"publish","type":"post","link":"https:\/\/zonaroja.com.mx\/?p=89039","title":{"rendered":"Localizan en Mat\u00edas Romero una de las pipas de traileros desaparecidos"},"content":{"rendered":"\n<p>Lisbeth Mej\u00eda Reyes\/Zona Roja.<\/p>\n\n\n\n<p>Oaxaca, Oax., a 13 de enero de 2026.- La Fiscal\u00eda General del Estado de Oaxaca inform\u00f3 que recientemente fue localizada en Mat\u00edas Romero una de las pipas (veh\u00edculos) de los cuatro traileros desaparecidos el pasado 20 de noviembre en ese municipio de la regi\u00f3n Istmo de Tehuantepec, Oaxaca.&nbsp;<\/p>\n\n\n\n<p>La pipa estaba en posesi\u00f3n de unas personas que dijeron ser propietarias de la misma, por lo que se indagan las causas por las cuales la ten\u00edan y qu\u00e9 ocurri\u00f3 el d\u00eda de la desaparici\u00f3n de los cuatro hombres, tres de ellos provenientes de Tamaulipas y uno de ellos originario de Veracruz.<\/p>\n\n\n\n<p>Bernardo Rodr\u00edguez Alamilla, fiscal general, inform\u00f3 este lunes, durante la conferencia del gobernador en el Palacio de Gobierno, que el veh\u00edculo fue encontrado el pasado viernes y \u00abse est\u00e1 generando la informaci\u00f3n con las personas que ten\u00edan esta pipa, saber por qu\u00e9 la ten\u00edan, en qu\u00e9 condiciones la ten\u00edan y eso est\u00e1 ampliando ya el tema de establecer qu\u00e9 es lo que pas\u00f3 en esos d\u00edas\u00bb.<\/p>\n\n\n\n<p>El fiscal asegur\u00f3 que \u00abhay un trabajo de investigaci\u00f3n muy fuerte para con ellos (los desaparecidos)\u00bb y que \u00abfue en la regi\u00f3n de Mat\u00edas Romero, ah\u00ed se encontr\u00f3, se encontraron estas personas que, insisto, se\u00f1alan que son los due\u00f1os de esta pipa\u00bb.<\/p>\n\n\n\n<p>Los cuatro conductores fueron vistos por \u00faltima vez en los alrededores de la pensi\u00f3n de Petr\u00f3leos Mexicanos (Pemex) sobre la carretera Trans\u00edstmica. Se trata de Juan Jos\u00e9 P\u00e9rez Hern\u00e1ndez, de 37 a\u00f1os de edad; Aldher Francisco Moreno Hern\u00e1ndez, de 38 a\u00f1os; Fernando Castro Morales, de 41 a\u00f1os, y Andr\u00e9s Eloy Ramos Ceja, de 28 a\u00f1os.<\/p>\n\n\n\n<p>Por sus desapariciones se presentaron las denuncias ante la Fiscal\u00eda General del Estado de Oaxaca y se mantienen activas las fichas de b\u00fasqueda emitidas por la Comisi\u00f3n Estatal de B\u00fasqueda de Personas Desaparecidas y la Unidad de B\u00fasqueda de Personas Desaparecidas y No Localizadas de la Fiscal\u00eda.<\/p>\n\n\n\n<p>Respecto al problema de las desapariciones de personas en el estado de Oaxaca, el fiscal tambi\u00e9n se\u00f1al\u00f3 que \u00abla inmensa mayor\u00eda de las personas desaparecidas, entre un 80 y 90 por ciento son localizadas en poco tiempo\u00bb, mientras que \u00absolo un 10 por ciento son las que todav\u00eda seguimos buscando\u00bb, como en los casos de los cuatro traileros.<\/p>\n","protected":false},"excerpt":{"rendered":"<p>Lisbeth Mej\u00eda Reyes\/Zona Roja. Oaxaca, Oax., a 13 de enero de 2026.- La Fiscal\u00eda General&hellip;<\/p>\n","protected":false},"author":2,"featured_media":87468,"comment_status":"closed","ping_status":"open","sticky":false,"template":"","format":"standard","meta":{"_lmt_disableupdate":"","_lmt_disable":"","_jetpack_memberships_contains_paid_content":false,"footnotes":""},"categories":[109,46],"tags":[494],"class_list":["post-89039","post","type-post","status-publish","format-standard","has-post-thumbnail","hentry","category-minuto-a-minuto","category-zona-blanca","tag-fiscalia-general-del-estado-de-oaxaca"],"jetpack_featured_media_url":"https:\/\/zonaroja.com.mx\/wp-content\/uploads\/2025\/11\/Traileros-de-Tamaulipas-desaparecidos-en-Oaxaca.jpg","jetpack_sharing_enabled":true,"_links":{"self":[{"href":"https:\/\/zonaroja.com.mx\/index.php?rest_route=\/wp\/v2\/posts\/89039","targetHints":{"allow":["GET"]}}],"collection":[{"href":"https:\/\/zonaroja.com.mx\/index.php?rest_route=\/wp\/v2\/posts"}],"about":[{"href":"https:\/\/zonaroja.com.mx\/index.php?rest_route=\/wp\/v2\/types\/post"}],"author":[{"embeddable":true,"href":"https:\/\/zonaroja.com.mx\/index.php?rest_route=\/wp\/v2\/users\/2"}],"replies":[{"embeddable":true,"href":"https:\/\/zonaroja.com.mx\/index.php?rest_route=%2Fwp%2Fv2%2Fcomments&post=89039"}],"version-history":[{"count":1,"href":"https:\/\/zonaroja.com.mx\/index.php?rest_route=\/wp\/v2\/posts\/89039\/revisions"}],"predecessor-version":[{"id":89040,"href":"https:\/\/zonaroja.com.mx\/index.php?rest_route=\/wp\/v2\/posts\/89039\/revisions\/89040"}],"wp:featuredmedia":[{"embeddable":true,"href":"https:\/\/zonaroja.com.mx\/index.php?rest_route=\/wp\/v2\/media\/87468"}],"wp:attachment":[{"href":"https:\/\/zonaroja.com.mx\/index.php?rest_route=%2Fwp%2Fv2%2Fmedia&parent=89039"}],"wp:term":[{"taxonomy":"category","embeddable":true,"href":"https:\/\/zonaroja.com.mx\/index.php?rest_route=%2Fwp%2Fv2%2Fcategories&post=89039"},{"taxonomy":"post_tag","embeddable":true,"href":"https:\/\/zonaroja.com.mx\/index.php?rest_route=%2Fwp%2Fv2%2Ftags&post=89039"}],"curies":[{"name":"wp","href":"https:\/\/api.w.org\/{rel}","templated":true}]}}