{"id":89044,"date":"2026-01-13T21:28:55","date_gmt":"2026-01-14T03:28:55","guid":{"rendered":"https:\/\/zonaroja.com.mx\/?p=89044"},"modified":"2026-01-13T21:28:57","modified_gmt":"2026-01-14T03:28:57","slug":"implementan-operativo-de-seguridad-y-recorren-giros-negros-en-ejutla","status":"publish","type":"post","link":"https:\/\/zonaroja.com.mx\/?p=89044","title":{"rendered":"Implementan operativo de seguridad y recorren giros negros en Ejutla"},"content":{"rendered":"\n<p>Redacci\u00f3n\/Zona Roja.<\/p>\n\n\n\n<p>Oaxaca, Oax., a 13 de enero de 2026.- La Fiscal\u00eda General del Estado de Oaxaca (FGEO), en coordinaci\u00f3n interinstitucional, llev\u00f3 a cabo una serie de acciones de combate al fen\u00f3meno delictivo realizando recorridos en bares en el municipio de Ejutla de Crespo.<\/p>\n\n\n\n<p>Lo anterior con el objetivo de fortalecer la estrategia de seguridad en este corredor que se extiende tambi\u00e9n hacia Ocotl\u00e1n de Morelos y Miahuatl\u00e1n de Porfirio D\u00edaz, en la regi\u00f3n de los Valles Centrales.<\/p>\n\n\n\n<p>En este despliegue participaron la FGEO, a trav\u00e9s de la Agencia Estatal de Investigaciones (AEI), as\u00ed como elementos de la Secretar\u00eda de la Defensa Nacional (DEFENSA) y de la Polic\u00eda Estatal, quienes de manera conjunta implementaron labores operativas y de vigilancia en puntos estrat\u00e9gicos.<\/p>\n\n\n\n<p>Las acciones incluyeron recorridos preventivos, la instalaci\u00f3n de filtros de seguridad y la supervisi\u00f3n de giros negros, con el prop\u00f3sito de reforzar la seguridad, prevenir la comisi\u00f3n de delitos y fortalecer la procuraci\u00f3n de justicia en la zona.<\/p>\n\n\n\n<p>Estos operativos, encabezados por la Fiscal\u00eda de Oaxaca en estrecha coordinaci\u00f3n con instituciones de los tres \u00f3rdenes de gobierno, se realizan de forma permanente como parte de una estrategia integral para garantizar la seguridad, el orden y la paz social en toda la entidad, reafirmando el compromiso de la FGEO de actuar con firmeza y legalidad para proteger a la ciudadan\u00eda e inhibir cualquier conducta delictiva.<\/p>\n","protected":false},"excerpt":{"rendered":"<p>Redacci\u00f3n\/Zona Roja. Oaxaca, Oax., a 13 de enero de 2026.- La Fiscal\u00eda General del Estado&hellip;<\/p>\n","protected":false},"author":2,"featured_media":89045,"comment_status":"closed","ping_status":"open","sticky":false,"template":"","format":"standard","meta":{"_lmt_disableupdate":"","_lmt_disable":"","_jetpack_memberships_contains_paid_content":false,"footnotes":""},"categories":[109,47],"tags":[494],"class_list":["post-89044","post","type-post","status-publish","format-standard","has-post-thumbnail","hentry","category-minuto-a-minuto","category-zona-gris","tag-fiscalia-general-del-estado-de-oaxaca"],"jetpack_featured_media_url":"https:\/\/zonaroja.com.mx\/wp-content\/uploads\/2026\/01\/Operativos-seguridad-corredor-ejutla.jpeg","jetpack_sharing_enabled":true,"_links":{"self":[{"href":"https:\/\/zonaroja.com.mx\/index.php?rest_route=\/wp\/v2\/posts\/89044","targetHints":{"allow":["GET"]}}],"collection":[{"href":"https:\/\/zonaroja.com.mx\/index.php?rest_route=\/wp\/v2\/posts"}],"about":[{"href":"https:\/\/zonaroja.com.mx\/index.php?rest_route=\/wp\/v2\/types\/post"}],"author":[{"embeddable":true,"href":"https:\/\/zonaroja.com.mx\/index.php?rest_route=\/wp\/v2\/users\/2"}],"replies":[{"embeddable":true,"href":"https:\/\/zonaroja.com.mx\/index.php?rest_route=%2Fwp%2Fv2%2Fcomments&post=89044"}],"version-history":[{"count":1,"href":"https:\/\/zonaroja.com.mx\/index.php?rest_route=\/wp\/v2\/posts\/89044\/revisions"}],"predecessor-version":[{"id":89046,"href":"https:\/\/zonaroja.com.mx\/index.php?rest_route=\/wp\/v2\/posts\/89044\/revisions\/89046"}],"wp:featuredmedia":[{"embeddable":true,"href":"https:\/\/zonaroja.com.mx\/index.php?rest_route=\/wp\/v2\/media\/89045"}],"wp:attachment":[{"href":"https:\/\/zonaroja.com.mx\/index.php?rest_route=%2Fwp%2Fv2%2Fmedia&parent=89044"}],"wp:term":[{"taxonomy":"category","embeddable":true,"href":"https:\/\/zonaroja.com.mx\/index.php?rest_route=%2Fwp%2Fv2%2Fcategories&post=89044"},{"taxonomy":"post_tag","embeddable":true,"href":"https:\/\/zonaroja.com.mx\/index.php?rest_route=%2Fwp%2Fv2%2Ftags&post=89044"}],"curies":[{"name":"wp","href":"https:\/\/api.w.org\/{rel}","templated":true}]}}