{"id":89047,"date":"2026-01-14T07:15:00","date_gmt":"2026-01-14T13:15:00","guid":{"rendered":"https:\/\/zonaroja.com.mx\/?p=89047"},"modified":"2026-01-14T06:49:48","modified_gmt":"2026-01-14T12:49:48","slug":"golpe-al-cjng-detienen-a-lider-en-jalisco-y-a-tres-miembros-en-nayarit","status":"publish","type":"post","link":"https:\/\/zonaroja.com.mx\/?p=89047","title":{"rendered":"Golpe al CJNG: detienen a l\u00edder en Jalisco y a tres miembros en Nayarit"},"content":{"rendered":"\n<p>Redacci\u00f3n\/Zona Roja Cdmx.<\/p>\n\n\n\n<p>(Informaci\u00f3n de \u201cEl Financiero\u201d)<\/p>\n\n\n\n<p>Ciudad de M\u00e9xico, a 14 de enero de 2026.- En Jalisco y Nayarit, autoridades federales capturaron a cuatro presuntos integrantes del C\u00e1rtel Jalisco Nueva Generaci\u00f3n (CJNG), entre ellos Jos\u00e9 Gabriel Soto, alias \u2018El Uber\u2019, identificado como \u201cjefe de c\u00e9lula y uno de los principales generadores de violencia en Guadalajara.\u201d<\/p>\n\n\n\n<p>En el operativo participaron elementos de la Secretar\u00eda de la Defensa Nacional (Sedena), la Guardia Nacional y la Fiscal\u00eda General de la Rep\u00fablica (FGR). Los detenidos est\u00e1n acusados de extorsi\u00f3n, secuestro, homicidio, tr\u00e1fico de armas y trasiego de droga procedente de Centroam\u00e9rica.<\/p>\n\n\n\n<p>En Zapopan, Jalisco, fue arrestado Jos\u00e9 Gabriel Soto, de 26 a\u00f1os, apodado \u2018El Uber\u2019 o \u2018Bravo\u2019, l\u00edder de una c\u00e9lula criminal responsable de extorsiones, secuestros, homicidios y tr\u00e1fico de armas, seg\u00fan inform\u00f3 el Gabinete de Seguridad.<\/p>\n\n\n\n<p>Simult\u00e1neamente, en Tepic, Nayarit, las autoridades capturaron a Luis Ignacio C\u00e1rdenas, alias \u2018El C\u00e1rdenas\u2019, de 46 a\u00f1os, operador regional que coordinaba el traslado de droga v\u00eda a\u00e9rea y mar\u00edtima, as\u00ed como operaciones con recursos de procedencia il\u00edcita.<\/p>\n\n\n\n<p>Ambos detenidos formaban parte de la estructura que mueve drogas desde Centroam\u00e9rica hacia Estados Unidos y que financia la violencia en la regi\u00f3n.<\/p>\n\n\n\n<p>Durante los operativos se confiscaron armas largas y cortas, cargadores, cartuchos y cientos de dosis de droga, incluyendo metanfetamina. Tambi\u00e9n fueron asegurados veh\u00edculos, tel\u00e9fonos celulares y un inmueble utilizado para coordinar actividades delictivas.<\/p>\n\n\n\n<p>Seg\u00fan informaci\u00f3n de La Jornada, junto con \u2018El Uber\u2019 fueron detenidos Mauricio Cruz y Carlos Alberto Quezada, quienes ten\u00edan en su poder un arma corta, dos largas, 500 dosis de metanfetamina y diez tel\u00e9fonos celulares.<\/p>\n\n\n\n<p>El Gabinete de Seguridad destac\u00f3 que estas detenciones representan un golpe importante al C\u00e1rtel Jalisco, debilitando su estructura operativa. Asimismo, anunci\u00f3 que continuar\u00e1n las investigaciones para localizar a otros operadores del CJNG y cortar las rutas de tr\u00e1fico de drogas.<\/p>\n\n\n\n<p>\u201cTREN DE ARAGUA\u201d<\/p>\n\n\n\n<p>Autoridades tambi\u00e9n detuvieron este martes en la Ciudad de M\u00e9xico a seis personas, supuestos integrantes de la organizaci\u00f3n criminal \u2018Tren de Aragua\u2019, que estar\u00edan relacionadas con los delitos de extorsi\u00f3n, trata de personas y tr\u00e1fico de drogas.<\/p>\n\n\n\n<p>A trav\u00e9s de sus redes sociales, Omar Garc\u00eda Harfuch, titular de la Secretar\u00eda de Seguridad y Protecci\u00f3n Ciudadana (SSPC), inform\u00f3 sobre el arresto de los presuntos delincuentes, entre quienes est\u00e1n Lesli Valeri \u2018N\u2019, \u201cidentificada como responsable del cobro derivado de la explotaci\u00f3n sexual, la distribuci\u00f3n de droga y el control de mujeres v\u00edctimas, adem\u00e1s de fungir como enlace con un grupo delictivo local\u201d, apunt\u00f3 el funcionario.<\/p>\n\n\n\n<p>Tambi\u00e9n fue detenido Bryan \u2018N\u2019, operador financiero de la organizaci\u00f3n, \u201cencargado de facilitar inmuebles para el resguardo de v\u00edctimas y el alojamiento de integrantes del grupo criminal, quien contaba con una orden de aprehensi\u00f3n por trata de personas y delincuencia organizada\u201d, asever\u00f3.<\/p>\n","protected":false},"excerpt":{"rendered":"<p>Redacci\u00f3n\/Zona Roja Cdmx. (Informaci\u00f3n de \u201cEl Financiero\u201d) Ciudad de M\u00e9xico, a 14 de enero de&hellip;<\/p>\n","protected":false},"author":2,"featured_media":89048,"comment_status":"closed","ping_status":"open","sticky":false,"template":"","format":"standard","meta":{"_lmt_disableupdate":"","_lmt_disable":"","_jetpack_memberships_contains_paid_content":false,"footnotes":""},"categories":[109,46],"tags":[],"class_list":["post-89047","post","type-post","status-publish","format-standard","has-post-thumbnail","hentry","category-minuto-a-minuto","category-zona-blanca"],"jetpack_featured_media_url":"https:\/\/zonaroja.com.mx\/wp-content\/uploads\/2026\/01\/DEtenidos-CJNG-Jalisco-y-Nayarit.jpg.avif","jetpack_sharing_enabled":true,"_links":{"self":[{"href":"https:\/\/zonaroja.com.mx\/index.php?rest_route=\/wp\/v2\/posts\/89047","targetHints":{"allow":["GET"]}}],"collection":[{"href":"https:\/\/zonaroja.com.mx\/index.php?rest_route=\/wp\/v2\/posts"}],"about":[{"href":"https:\/\/zonaroja.com.mx\/index.php?rest_route=\/wp\/v2\/types\/post"}],"author":[{"embeddable":true,"href":"https:\/\/zonaroja.com.mx\/index.php?rest_route=\/wp\/v2\/users\/2"}],"replies":[{"embeddable":true,"href":"https:\/\/zonaroja.com.mx\/index.php?rest_route=%2Fwp%2Fv2%2Fcomments&post=89047"}],"version-history":[{"count":1,"href":"https:\/\/zonaroja.com.mx\/index.php?rest_route=\/wp\/v2\/posts\/89047\/revisions"}],"predecessor-version":[{"id":89049,"href":"https:\/\/zonaroja.com.mx\/index.php?rest_route=\/wp\/v2\/posts\/89047\/revisions\/89049"}],"wp:featuredmedia":[{"embeddable":true,"href":"https:\/\/zonaroja.com.mx\/index.php?rest_route=\/wp\/v2\/media\/89048"}],"wp:attachment":[{"href":"https:\/\/zonaroja.com.mx\/index.php?rest_route=%2Fwp%2Fv2%2Fmedia&parent=89047"}],"wp:term":[{"taxonomy":"category","embeddable":true,"href":"https:\/\/zonaroja.com.mx\/index.php?rest_route=%2Fwp%2Fv2%2Fcategories&post=89047"},{"taxonomy":"post_tag","embeddable":true,"href":"https:\/\/zonaroja.com.mx\/index.php?rest_route=%2Fwp%2Fv2%2Ftags&post=89047"}],"curies":[{"name":"wp","href":"https:\/\/api.w.org\/{rel}","templated":true}]}}