{"id":89053,"date":"2026-01-14T09:15:00","date_gmt":"2026-01-14T15:15:00","guid":{"rendered":"https:\/\/zonaroja.com.mx\/?p=89053"},"modified":"2026-01-14T07:46:37","modified_gmt":"2026-01-14T13:46:37","slug":"continuan-retenidas-autoridades-de-san-juan-juquila-mixe","status":"publish","type":"post","link":"https:\/\/zonaroja.com.mx\/?p=89053","title":{"rendered":"Contin\u00faan retenidas autoridades de San Juan Juquila Mixe"},"content":{"rendered":"\n<p>Raymundo Morales\/Zona Roja.<\/p>\n\n\n\n<p>Oaxaca, Oax., a 14 de enero de 2026.- Desde el pasado domingo, al menos seis ex autoridades municipales se encuentran encarceladas en el municipio de San Juan Juquila Mixe, acusadas de corrupci\u00f3n por unos 28 millones de pesos.<\/p>\n\n\n\n<p>Se trata de dos ex presidentes municipales, otros tres ex funcionarios locales y el actual tesorero del ayuntamiento.<\/p>\n\n\n\n<p>El domingo 11 de enero, el presidente municipal, Medardo Medrano, cit\u00f3 a una asamblea comunitaria, con la finalidad de exponer los presuntos actos de corrupci\u00f3n presuntamente cometidos por sus antecesores, por utilizar constructoras prestanombres que s\u00f3lo se quedaron con el dinero.<\/p>\n\n\n\n<p>Tras acaloradas discusiones, la poblaci\u00f3n se irrit\u00f3 y detuvo a los acusados, a quienes pretendieron linchar, pero finalmente fueron rescatados por los polic\u00edas y encerrados en la c\u00e1rcel municipal.<\/p>\n\n\n\n<p>Se trata de la ex presidenta municipal del periodo 2024, On\u00e9sima Olivera Allende, y al edil del periodo 2025, Fidel Espina Urbieta, as\u00ed como integrantes de su Cabildo.<\/p>\n\n\n\n<p>Tambi\u00e9n fueron detenidos el ex regidor de Hacienda, Nah\u00fam \u201cN\u201d, el ex S\u00edndico municipal, Israel Peralta Medrano y el actual secretario municipal, Eder V\u00e1squez.<\/p>\n\n\n\n<p>Hasta anoche, los dos ex presidentes, On\u00e9sima Olivera, y Fidel Espina Urbieta, as\u00ed como tres personas m\u00e1s permanec\u00edan en la c\u00e1rcel municipal.<\/p>\n\n\n\n<p>Los habitantes de San Juan Juquila Mixe, municipio de la regi\u00f3n Sierra Ju\u00e1rez de Oaxaca, aseguraron que que no los van a liberar si no regresan el dinero.<\/p>\n","protected":false},"excerpt":{"rendered":"<p>Raymundo Morales\/Zona Roja. Oaxaca, Oax., a 14 de enero de 2026.- Desde el pasado domingo,&hellip;<\/p>\n","protected":false},"author":2,"featured_media":89054,"comment_status":"closed","ping_status":"open","sticky":false,"template":"","format":"standard","meta":{"_lmt_disableupdate":"","_lmt_disable":"","_jetpack_memberships_contains_paid_content":false,"footnotes":""},"categories":[109,47],"tags":[2822],"class_list":["post-89053","post","type-post","status-publish","format-standard","has-post-thumbnail","hentry","category-minuto-a-minuto","category-zona-gris","tag-san-juan-juquila-mixe"],"jetpack_featured_media_url":"https:\/\/zonaroja.com.mx\/wp-content\/uploads\/2026\/01\/Retenidos-San-Juan-Juquila-MixeG.jpg","jetpack_sharing_enabled":true,"_links":{"self":[{"href":"https:\/\/zonaroja.com.mx\/index.php?rest_route=\/wp\/v2\/posts\/89053","targetHints":{"allow":["GET"]}}],"collection":[{"href":"https:\/\/zonaroja.com.mx\/index.php?rest_route=\/wp\/v2\/posts"}],"about":[{"href":"https:\/\/zonaroja.com.mx\/index.php?rest_route=\/wp\/v2\/types\/post"}],"author":[{"embeddable":true,"href":"https:\/\/zonaroja.com.mx\/index.php?rest_route=\/wp\/v2\/users\/2"}],"replies":[{"embeddable":true,"href":"https:\/\/zonaroja.com.mx\/index.php?rest_route=%2Fwp%2Fv2%2Fcomments&post=89053"}],"version-history":[{"count":1,"href":"https:\/\/zonaroja.com.mx\/index.php?rest_route=\/wp\/v2\/posts\/89053\/revisions"}],"predecessor-version":[{"id":89055,"href":"https:\/\/zonaroja.com.mx\/index.php?rest_route=\/wp\/v2\/posts\/89053\/revisions\/89055"}],"wp:featuredmedia":[{"embeddable":true,"href":"https:\/\/zonaroja.com.mx\/index.php?rest_route=\/wp\/v2\/media\/89054"}],"wp:attachment":[{"href":"https:\/\/zonaroja.com.mx\/index.php?rest_route=%2Fwp%2Fv2%2Fmedia&parent=89053"}],"wp:term":[{"taxonomy":"category","embeddable":true,"href":"https:\/\/zonaroja.com.mx\/index.php?rest_route=%2Fwp%2Fv2%2Fcategories&post=89053"},{"taxonomy":"post_tag","embeddable":true,"href":"https:\/\/zonaroja.com.mx\/index.php?rest_route=%2Fwp%2Fv2%2Ftags&post=89053"}],"curies":[{"name":"wp","href":"https:\/\/api.w.org\/{rel}","templated":true}]}}