{"id":89059,"date":"2026-01-14T11:15:00","date_gmt":"2026-01-14T17:15:00","guid":{"rendered":"https:\/\/zonaroja.com.mx\/?p=89059"},"modified":"2026-01-14T07:58:59","modified_gmt":"2026-01-14T13:58:59","slug":"aplicara-ayuntamiento-sanciones-fuertes-a-quienes-no-regularicen-terrazas","status":"publish","type":"post","link":"https:\/\/zonaroja.com.mx\/?p=89059","title":{"rendered":"Aplicar\u00e1 ayuntamiento \u00absanciones fuertes\u00bb a quienes no regularicen terrazas"},"content":{"rendered":"\n<p>Lisbeth Mej\u00eda Reyes\/Zona Roja.<\/p>\n\n\n\n<p>Oaxaca, Oax., a 14 de enero de 2026.- Ante la falta de respuesta de la ciudadan\u00eda para regularizaci\u00f3n las terrazas del Centro Hist\u00f3rico, el presidente municipal de Oaxaca de Ju\u00e1rez, Raymundo Chagoya Villanueva, advirti\u00f3 de \u00absanciones fuertes\u00bb que se aplicar\u00e1n a partir de este a\u00f1o.<\/p>\n\n\n\n<p>\u00abLa respuesta de las vecinas y vecinos no fue como esper\u00e1bamos&#8230; Se avanz\u00f3 con algunas (terrazas), ahora s\u00ed tenemos que avanzar con el tema de sanciones, son sanciones fuertes\u00bb, explic\u00f3 el concejal, al llamar a las y los propietarios a regularizarse, tramitar los permisos correspondientes y cumplir con el Reglamento de Aplicaci\u00f3n del Plan Parcial del Centro Hist\u00f3rico.<\/p>\n\n\n\n<p>El a\u00f1o pasado, el ayuntamiento estim\u00f3 en aproximadamente 500 las terrazas comerciales de la ciudad, mismas que operan principalmente en el centro hist\u00f3rico y colonias cercanas de la tambi\u00e9n conocida como zona de monumentos.<\/p>\n\n\n\n<p>El edil aclar\u00f3 que no se est\u00e1 en contra de las terrazas sino que estas cumplan con los requerimientos en materia de protecci\u00f3n civil y de protecci\u00f3n de la zona de monumentos.<\/p>\n\n\n\n<p>\u00abQueremos terrazas seguras, no queremos terrazas en casas que tengan alg\u00fan da\u00f1o estructural, que est\u00e9n colapsadas, no queremos terrazas sin salidas de emergencia, no queremos terrazas que est\u00e9n al exterior\u00bb, explic\u00f3 Chagoya Villanueva, al se\u00f1alar que se debe de respetar la horizontalidad de los inmuebles del centro hist\u00f3rico.<\/p>\n\n\n\n<p>Este martes, durante la conferencia semanal en el palacio municipal, el presidente aclar\u00f3 que a las sanciones del ayuntamiento se sumar\u00e1n las que corresponden al Instituto Nacional de Antropolog\u00eda e Historia (INAH) por el da\u00f1o al patrimonio.<\/p>\n\n\n\n<p>Fue en agosto del 2025 cuando el cabildo de Oaxaca de Ju\u00e1rez aprob\u00f3 las m\u00e1s recientes reformas al Reglamento de Aplicaci\u00f3n del Plan Parcial del Centro Hist\u00f3rico en materia de terrazas. En septiembre, el reglamento fue presentado entre el ayuntamiento y el INAH ante propietarios de negocios y dem\u00e1s autoridades.<\/p>\n\n\n\n<p>Los principales aspectos de las reformas abarcan requisitos como el que los establecimientos cuenten con un dictamen estructural sobre la capacidad y soporte de la carga en la azotea (en la cual se habilitan las terrazas), que la primera cruj\u00eda del inmueble quede libre y las estructuras no sean visibles desde la calle. Asimismo, establece que haya salidas de emergencia y que las construcciones permanentes en las azoteas sean de m\u00e1ximo el 40 por ciento del \u00e1rea.<\/p>\n\n\n\n<p>Tras la aprobaci\u00f3n de las reformas al reglamento, la presentaci\u00f3n de las mismas o su socializaci\u00f3n y los llamados a la regularizaci\u00f3n, el concejal reiter\u00f3 que sigue sin haber la respuesta esperada para la regularizaci\u00f3n de las terrazas, por lo que se aplicar\u00e1n las sanciones.<\/p>\n","protected":false},"excerpt":{"rendered":"<p>Lisbeth Mej\u00eda Reyes\/Zona Roja. Oaxaca, Oax., a 14 de enero de 2026.- Ante la falta&hellip;<\/p>\n","protected":false},"author":2,"featured_media":89060,"comment_status":"closed","ping_status":"open","sticky":false,"template":"","format":"standard","meta":{"_lmt_disableupdate":"","_lmt_disable":"","_jetpack_memberships_contains_paid_content":false,"footnotes":""},"categories":[109,46],"tags":[148,4403],"class_list":["post-89059","post","type-post","status-publish","format-standard","has-post-thumbnail","hentry","category-minuto-a-minuto","category-zona-blanca","tag-oaxaca-de-juarez","tag-ray-chagoya"],"jetpack_featured_media_url":"https:\/\/zonaroja.com.mx\/wp-content\/uploads\/2026\/01\/Conferencia-de-prensa-Ray-Chagoya.jpeg","jetpack_sharing_enabled":true,"_links":{"self":[{"href":"https:\/\/zonaroja.com.mx\/index.php?rest_route=\/wp\/v2\/posts\/89059","targetHints":{"allow":["GET"]}}],"collection":[{"href":"https:\/\/zonaroja.com.mx\/index.php?rest_route=\/wp\/v2\/posts"}],"about":[{"href":"https:\/\/zonaroja.com.mx\/index.php?rest_route=\/wp\/v2\/types\/post"}],"author":[{"embeddable":true,"href":"https:\/\/zonaroja.com.mx\/index.php?rest_route=\/wp\/v2\/users\/2"}],"replies":[{"embeddable":true,"href":"https:\/\/zonaroja.com.mx\/index.php?rest_route=%2Fwp%2Fv2%2Fcomments&post=89059"}],"version-history":[{"count":1,"href":"https:\/\/zonaroja.com.mx\/index.php?rest_route=\/wp\/v2\/posts\/89059\/revisions"}],"predecessor-version":[{"id":89061,"href":"https:\/\/zonaroja.com.mx\/index.php?rest_route=\/wp\/v2\/posts\/89059\/revisions\/89061"}],"wp:featuredmedia":[{"embeddable":true,"href":"https:\/\/zonaroja.com.mx\/index.php?rest_route=\/wp\/v2\/media\/89060"}],"wp:attachment":[{"href":"https:\/\/zonaroja.com.mx\/index.php?rest_route=%2Fwp%2Fv2%2Fmedia&parent=89059"}],"wp:term":[{"taxonomy":"category","embeddable":true,"href":"https:\/\/zonaroja.com.mx\/index.php?rest_route=%2Fwp%2Fv2%2Fcategories&post=89059"},{"taxonomy":"post_tag","embeddable":true,"href":"https:\/\/zonaroja.com.mx\/index.php?rest_route=%2Fwp%2Fv2%2Ftags&post=89059"}],"curies":[{"name":"wp","href":"https:\/\/api.w.org\/{rel}","templated":true}]}}