{"id":89062,"date":"2026-01-14T00:15:00","date_gmt":"2026-01-14T06:15:00","guid":{"rendered":"https:\/\/zonaroja.com.mx\/?p=89062"},"modified":"2026-01-14T08:44:46","modified_gmt":"2026-01-14T14:44:46","slug":"violo-a-su-hija-en-la-cdmx-y-se-refugio-en-oaxaca-ya-lo-detuvo-la-fiscalia","status":"publish","type":"post","link":"https:\/\/zonaroja.com.mx\/?p=89062","title":{"rendered":"Viol\u00f3 a su hija en la Cdmx y se refugi\u00f3 en Oaxaca; ya lo detuvo la Fiscal\u00eda\u00a0"},"content":{"rendered":"\n<p>Redacci\u00f3n\/Zona Roja.<\/p>\n\n\n\n<p>Oaxaca, Oax., a 14 de enero de 2026.- Derivado de la solicitud de colaboraci\u00f3n interinstitucional con la Fiscal\u00eda de la Ciudad de M\u00e9xico, la Fiscal\u00eda General del Estado de Oaxaca (FGEO) logr\u00f3 dar con el paradero y realizar la detenci\u00f3n de una persona del sexo masculino identificado como E.M.D., por los delitos de violaci\u00f3n equiparada agravada y violaci\u00f3n agravada en contra una adolescente, hechos ocurridos en la capital del pa\u00eds.<\/p>\n\n\n\n<p>La detenci\u00f3n de E.M.D., se realiz\u00f3 en el estado de Oaxaca en la calle Benito Ju\u00e1rez de Concepci\u00f3n P\u00e1palo perteneciente al municipio de San Juan Bautista Cuicatl\u00e1n en la Sierra de Flores Mag\u00f3n, la acci\u00f3n fue efectuada por elementos de la Agencia Estatal de Investigaciones (AEI) de la Vicefiscal\u00eda de Control Regional en colaboraci\u00f3n con polic\u00edas de Investigaci\u00f3n de la Ciudad de M\u00e9xico.<\/p>\n\n\n\n<p>De acuerdo con la causa penal del caso, los hechos sucedieron el 03 de mayo de 2024, en un domicilio ubicado en la colonia Popular de Santa Teresa perteneciente a la Alcald\u00eda Tlalpan de la Ciudad de M\u00e9xico.<\/p>\n\n\n\n<p>La investigaci\u00f3n ministerial detalla que en ese lugar, la v\u00edctima -una menor de edad cuya identidad est\u00e1 reservada por ley- fue interceptada de manera violenta por su agresor (padre biol\u00f3gico), quien la atac\u00f3.<\/p>\n\n\n\n<p>La narrativa ministerial, establece que est\u00e1s agresiones ocurrieron desde que la v\u00edctima ten\u00eda 15 a\u00f1os de edad y se prolongaron hasta el \u00faltimo evento antes mencionado (mayo 2024), cuando la joven contaba con 17 a\u00f1os de edad.<\/p>\n\n\n\n<p>Al tener conocimiento de los hechos, la Fiscal\u00eda de la Ciudad de M\u00e9xico inici\u00f3 las investigaciones pertinentes y logr\u00f3 la obtenci\u00f3n de una orden de aprehensi\u00f3n en contra de E.M.D., de quien establecieron que se refugiaba en Oaxaca, por lo que solicit\u00f3 la colaboraci\u00f3n interinstitucional con la FGEO para realizar su detenci\u00f3n.<\/p>\n\n\n\n<p>Una vez aprehendido, fue puesto a disposici\u00f3n de las autoridades ministeriales de la Vicefiscal\u00eda General de Control Regional para su certificaci\u00f3n m\u00e9dica y documentaci\u00f3n correspondiente y con ello preparar su traslado a la ciudad de M\u00e9xico en atenci\u00f3n al oficio de colaboraci\u00f3n.<\/p>\n\n\n\n<p>La Fiscal\u00eda de Oaxaca prioriza las investigaciones relacionadas con delitos cometidos contra ni\u00f1as, ni\u00f1os, adolescentes y mujeres, para presentar ante la justicia a los responsables a fin de garantizar el derecho a una vida libre de violencia.<\/p>\n","protected":false},"excerpt":{"rendered":"<p>Redacci\u00f3n\/Zona Roja. Oaxaca, Oax., a 14 de enero de 2026.- Derivado de la solicitud de&hellip;<\/p>\n","protected":false},"author":2,"featured_media":89063,"comment_status":"closed","ping_status":"open","sticky":false,"template":"","format":"standard","meta":{"_lmt_disableupdate":"","_lmt_disable":"","_jetpack_memberships_contains_paid_content":false,"footnotes":""},"categories":[109,46],"tags":[494],"class_list":["post-89062","post","type-post","status-publish","format-standard","has-post-thumbnail","hentry","category-minuto-a-minuto","category-zona-blanca","tag-fiscalia-general-del-estado-de-oaxaca"],"jetpack_featured_media_url":"https:\/\/zonaroja.com.mx\/wp-content\/uploads\/2026\/01\/Violador-en-Cdmx-detenido-en-Oaxaca.jpg","jetpack_sharing_enabled":true,"_links":{"self":[{"href":"https:\/\/zonaroja.com.mx\/index.php?rest_route=\/wp\/v2\/posts\/89062","targetHints":{"allow":["GET"]}}],"collection":[{"href":"https:\/\/zonaroja.com.mx\/index.php?rest_route=\/wp\/v2\/posts"}],"about":[{"href":"https:\/\/zonaroja.com.mx\/index.php?rest_route=\/wp\/v2\/types\/post"}],"author":[{"embeddable":true,"href":"https:\/\/zonaroja.com.mx\/index.php?rest_route=\/wp\/v2\/users\/2"}],"replies":[{"embeddable":true,"href":"https:\/\/zonaroja.com.mx\/index.php?rest_route=%2Fwp%2Fv2%2Fcomments&post=89062"}],"version-history":[{"count":1,"href":"https:\/\/zonaroja.com.mx\/index.php?rest_route=\/wp\/v2\/posts\/89062\/revisions"}],"predecessor-version":[{"id":89064,"href":"https:\/\/zonaroja.com.mx\/index.php?rest_route=\/wp\/v2\/posts\/89062\/revisions\/89064"}],"wp:featuredmedia":[{"embeddable":true,"href":"https:\/\/zonaroja.com.mx\/index.php?rest_route=\/wp\/v2\/media\/89063"}],"wp:attachment":[{"href":"https:\/\/zonaroja.com.mx\/index.php?rest_route=%2Fwp%2Fv2%2Fmedia&parent=89062"}],"wp:term":[{"taxonomy":"category","embeddable":true,"href":"https:\/\/zonaroja.com.mx\/index.php?rest_route=%2Fwp%2Fv2%2Fcategories&post=89062"},{"taxonomy":"post_tag","embeddable":true,"href":"https:\/\/zonaroja.com.mx\/index.php?rest_route=%2Fwp%2Fv2%2Ftags&post=89062"}],"curies":[{"name":"wp","href":"https:\/\/api.w.org\/{rel}","templated":true}]}}