{"id":89067,"date":"2026-01-14T14:15:00","date_gmt":"2026-01-14T20:15:00","guid":{"rendered":"https:\/\/zonaroja.com.mx\/?p=89067"},"modified":"2026-01-14T08:51:06","modified_gmt":"2026-01-14T14:51:06","slug":"opinion-los-restos-del-2026","status":"publish","type":"post","link":"https:\/\/zonaroja.com.mx\/?p=89067","title":{"rendered":"Opini\u00f3n. Los restos del 2026"},"content":{"rendered":"\n<p>Isidoro Yescas*<\/p>\n\n\n\n<p>Leo en estos d\u00edas el&nbsp;revelador&nbsp;libro&nbsp;\u201cLos restos de la revoluci\u00f3n\u201d,&nbsp;cr\u00f3nica desde las entra\u00f1as de una Venezuela herida,&nbsp;de la periodista y escritora&nbsp;Catalina Lobo Guerrero,&nbsp;y se me ocurre un encabezado semejante para lo ocurrido en Oaxaca hace 20 a\u00f1os, cuando la lucha magisterial de ese a\u00f1o deriv\u00f3 en un movimiento &nbsp;social y pol\u00edtico,&nbsp;amplio y plural, en contra del gobierno de Ulises Ruiz Ortiz.&nbsp;<\/p>\n\n\n\n<p>Como se sabe,&nbsp;un&nbsp;actor&nbsp;central del polo aglutinador&nbsp;de la expresi\u00f3n organizativa coyuntural de este \u201cmovimiento de movimientos\u201d lo constituy\u00f3 la APPO.&nbsp;<\/p>\n\n\n\n<p>Y a su vez la APPO&nbsp;tuvo como su&nbsp;principal &nbsp;pilar&nbsp;organizativo&nbsp;al&nbsp;MDTEO de la Secci\u00f3n 22 del SNTE.&nbsp;<\/p>\n\n\n\n<p>Toda la inconformidad acumulada entonces&nbsp;en&nbsp;contra&nbsp;del viejo r\u00e9gimen&nbsp;pri\u00edsta&nbsp;y&nbsp;los reclamos para darle cauce legal a la participaci\u00f3n ciudadana aterrizaron a\u00f1os despu\u00e9s, durante el sexenio de Gabino&nbsp;Cu\u00e9, en&nbsp;una Ley de Participaci\u00f3n Ciudadana que incorpor\u00f3 a la Constituci\u00f3n local figuras como el plebiscito, el refer\u00e9ndum, el cabildo abierto y la revocaci\u00f3n de mandato.<\/p>\n\n\n\n<p>Hasta all\u00ed lleg\u00f3 el compromiso de cambio del&nbsp;gabinismo.&nbsp;<\/p>\n\n\n\n<p>Ahora, ya&nbsp;con &nbsp;una&nbsp;Ley de Revocaci\u00f3n de Mandato reformada a la medida de los intereses transexenales del gobierno primaveral, algunos actores del&nbsp;convulso&nbsp;2006 ya&nbsp;est\u00e1n en el poder.&nbsp;<\/p>\n\n\n\n<p>Otros, los m\u00e1s, siguen en la lucha&nbsp;social, militan&nbsp;o dirigen&nbsp;en partidos pol\u00edticos o son dirigentes&nbsp;sociales y&nbsp;sindicales.&nbsp;<\/p>\n\n\n\n<p>Con sus excepciones, buena parte de esos actores que intentaron tumbar a URO por autoritario y represor, hoy parecieran estar cansados o cooptados. Porque no se ven por ning\u00fan lado luchando en contra de la autocracia primaveral.&nbsp;<\/p>\n\n\n\n<p>Y bajo el argumento de que la revocaci\u00f3n es una&nbsp;farsa&nbsp;para&nbsp;legitimar al gobernador Salom\u00f3n Jara&nbsp;(vgr. dirigencia seccional del MDTEO)&nbsp;,&nbsp;le apuestan a la desmovilizaci\u00f3n de sus bases.&nbsp;<\/p>\n\n\n\n<p>Son los restos del 2006, o lo que queda del cuarto de hora revolucionario de hace 20 a\u00f1os.&nbsp;<\/p>\n\n\n\n<p>Es cierto que el gobierno primaveral&nbsp;(con&nbsp;un IEEPCO presionado o coludido) juega sucio, intimida, viola la ley, compra voluntades. Y sin embargo,&nbsp;no hay peor lucha que la que&nbsp;no se hace.<\/p>\n\n\n\n<p>*Maestro en Sociolog\u00eda y periodista*&nbsp;<\/p>\n\n\n\n<p>X:@YescasIsidoro<\/p>\n","protected":false},"excerpt":{"rendered":"<p>Isidoro Yescas* Leo en estos d\u00edas el&nbsp;revelador&nbsp;libro&nbsp;\u201cLos restos de la revoluci\u00f3n\u201d,&nbsp;cr\u00f3nica desde las entra\u00f1as de&hellip;<\/p>\n","protected":false},"author":2,"featured_media":71623,"comment_status":"closed","ping_status":"open","sticky":false,"template":"","format":"standard","meta":{"_lmt_disableupdate":"","_lmt_disable":"","_jetpack_memberships_contains_paid_content":false,"footnotes":""},"categories":[456,109],"tags":[3998],"class_list":["post-89067","post","type-post","status-publish","format-standard","has-post-thumbnail","hentry","category-columna","category-minuto-a-minuto","tag-isidoro-yescas-martinez"],"jetpack_featured_media_url":"https:\/\/zonaroja.com.mx\/wp-content\/uploads\/2024\/08\/Opinion.-Isidoro-Yescas.jpg","jetpack_sharing_enabled":true,"_links":{"self":[{"href":"https:\/\/zonaroja.com.mx\/index.php?rest_route=\/wp\/v2\/posts\/89067","targetHints":{"allow":["GET"]}}],"collection":[{"href":"https:\/\/zonaroja.com.mx\/index.php?rest_route=\/wp\/v2\/posts"}],"about":[{"href":"https:\/\/zonaroja.com.mx\/index.php?rest_route=\/wp\/v2\/types\/post"}],"author":[{"embeddable":true,"href":"https:\/\/zonaroja.com.mx\/index.php?rest_route=\/wp\/v2\/users\/2"}],"replies":[{"embeddable":true,"href":"https:\/\/zonaroja.com.mx\/index.php?rest_route=%2Fwp%2Fv2%2Fcomments&post=89067"}],"version-history":[{"count":1,"href":"https:\/\/zonaroja.com.mx\/index.php?rest_route=\/wp\/v2\/posts\/89067\/revisions"}],"predecessor-version":[{"id":89068,"href":"https:\/\/zonaroja.com.mx\/index.php?rest_route=\/wp\/v2\/posts\/89067\/revisions\/89068"}],"wp:featuredmedia":[{"embeddable":true,"href":"https:\/\/zonaroja.com.mx\/index.php?rest_route=\/wp\/v2\/media\/71623"}],"wp:attachment":[{"href":"https:\/\/zonaroja.com.mx\/index.php?rest_route=%2Fwp%2Fv2%2Fmedia&parent=89067"}],"wp:term":[{"taxonomy":"category","embeddable":true,"href":"https:\/\/zonaroja.com.mx\/index.php?rest_route=%2Fwp%2Fv2%2Fcategories&post=89067"},{"taxonomy":"post_tag","embeddable":true,"href":"https:\/\/zonaroja.com.mx\/index.php?rest_route=%2Fwp%2Fv2%2Ftags&post=89067"}],"curies":[{"name":"wp","href":"https:\/\/api.w.org\/{rel}","templated":true}]}}