{"id":89069,"date":"2026-01-14T14:34:55","date_gmt":"2026-01-14T20:34:55","guid":{"rendered":"https:\/\/zonaroja.com.mx\/?p=89069"},"modified":"2026-01-14T14:34:58","modified_gmt":"2026-01-14T20:34:58","slug":"matan-a-una-mujer-en-la-capital-y-a-un-individuo-en-zona-metropolitana","status":"publish","type":"post","link":"https:\/\/zonaroja.com.mx\/?p=89069","title":{"rendered":"Matan a una mujer en la capital y a un individuo en zona metropolitana"},"content":{"rendered":"\n<p>Ismael Garc\u00eda M.\/Zona Roja.<\/p>\n\n\n\n<p>Oaxaca, Oax., a 14 de enero de 2025.- A dos cuadras y media del z\u00f3calo de la ciudad de Oaxaca, una mujer fue asesinada por arma blanca, tras un probable asalto a su local comercial de ropa.<\/p>\n\n\n\n<p>El crimen se perpetro pocos minutos despu\u00e9s de las 11:00 horas en la boutique \u201cSusel\u201d de la calle Valerio Trujano, entre D\u00edaz Ordaz y J. P. Garc\u00eda, Centro Hist\u00f3rico, donde tras cometer el crimen, el sujeto se retira sin prisas, de acuerdo con un video de c\u00e1mara de vigilancia.<\/p>\n\n\n\n<p>De manera preliminar, fue identificada como Rosa Mar\u00eda A. B., quien era propietaria del local, y reci\u00e9n hab\u00eda llevado a la escuela a sus hijos.<\/p>\n\n\n\n<p>En estas \u00faltimas semanas, se han reportado al menos cinco asaltos similares en la zona del Centro Hist\u00f3rico, una de ellas a dos cuadras del z\u00f3calo y otra en el Mercado de Artesan\u00edas.<\/p>\n\n\n\n<p>Al t\u00e9rmino de las primeras diligencias que presidi\u00f3, el fiscal General del Estado de Oaxaca, Bernardo Rodr\u00edguez Alamilla, confirm\u00f3 que fueron al menos tres lesionas producidas por arma blanca. <\/p>\n\n\n\n<p>Apunt\u00f3 que ya se cuentan con im\u00e1genes del presunto autor del homicidio que, como en todo asesinato violento de mujer, se inicia investigando como feminicidio.<\/p>\n\n\n\n<p>Por otra parte, durante la ma\u00f1ana de este d\u00eda en el acceso vial al fraccionamiento Punta Vizcaya, en el municipio conurbado de San Sebasti\u00e1n Tutla, fue localizado un cuerpo sin vida, con varios impactos de arma de fuego.<\/p>\n\n\n\n<p>Algunos disparos fueron directamente a la cabeza, por lo cual la v\u00edctima, a\u00fan no identificada, perdi\u00f3 la vida al instante.<\/p>\n\n\n\n<p>En ambos casos contin\u00faan abiertas las carpetas de investigaci\u00f3n correspondientes, para dar con el paradero de los autores de estos cr\u00edmenes.<\/p>\n","protected":false},"excerpt":{"rendered":"<p>Ismael Garc\u00eda M.\/Zona Roja. Oaxaca, Oax., a 14 de enero de 2025.- A dos cuadras&hellip;<\/p>\n","protected":false},"author":2,"featured_media":89071,"comment_status":"closed","ping_status":"open","sticky":false,"template":"","format":"standard","meta":{"_lmt_disableupdate":"","_lmt_disable":"","_jetpack_memberships_contains_paid_content":false,"footnotes":""},"categories":[109,51],"tags":[2447,148],"class_list":["post-89069","post","type-post","status-publish","format-standard","has-post-thumbnail","hentry","category-minuto-a-minuto","category-zona-roja","tag-el-rosario-san-sebastian-tutla","tag-oaxaca-de-juarez"],"jetpack_featured_media_url":"https:\/\/zonaroja.com.mx\/wp-content\/uploads\/2026\/01\/Asesinan-a-mujer-en-el-centro-de-la-ciudad-de-Oaxaca.jpg","jetpack_sharing_enabled":true,"_links":{"self":[{"href":"https:\/\/zonaroja.com.mx\/index.php?rest_route=\/wp\/v2\/posts\/89069","targetHints":{"allow":["GET"]}}],"collection":[{"href":"https:\/\/zonaroja.com.mx\/index.php?rest_route=\/wp\/v2\/posts"}],"about":[{"href":"https:\/\/zonaroja.com.mx\/index.php?rest_route=\/wp\/v2\/types\/post"}],"author":[{"embeddable":true,"href":"https:\/\/zonaroja.com.mx\/index.php?rest_route=\/wp\/v2\/users\/2"}],"replies":[{"embeddable":true,"href":"https:\/\/zonaroja.com.mx\/index.php?rest_route=%2Fwp%2Fv2%2Fcomments&post=89069"}],"version-history":[{"count":1,"href":"https:\/\/zonaroja.com.mx\/index.php?rest_route=\/wp\/v2\/posts\/89069\/revisions"}],"predecessor-version":[{"id":89072,"href":"https:\/\/zonaroja.com.mx\/index.php?rest_route=\/wp\/v2\/posts\/89069\/revisions\/89072"}],"wp:featuredmedia":[{"embeddable":true,"href":"https:\/\/zonaroja.com.mx\/index.php?rest_route=\/wp\/v2\/media\/89071"}],"wp:attachment":[{"href":"https:\/\/zonaroja.com.mx\/index.php?rest_route=%2Fwp%2Fv2%2Fmedia&parent=89069"}],"wp:term":[{"taxonomy":"category","embeddable":true,"href":"https:\/\/zonaroja.com.mx\/index.php?rest_route=%2Fwp%2Fv2%2Fcategories&post=89069"},{"taxonomy":"post_tag","embeddable":true,"href":"https:\/\/zonaroja.com.mx\/index.php?rest_route=%2Fwp%2Fv2%2Ftags&post=89069"}],"curies":[{"name":"wp","href":"https:\/\/api.w.org\/{rel}","templated":true}]}}