{"id":8907,"date":"2020-02-18T09:23:29","date_gmt":"2020-02-18T15:23:29","guid":{"rendered":"http:\/\/www.zonaroja.com.mx\/?p=8907"},"modified":"2020-02-18T12:17:37","modified_gmt":"2020-02-18T18:17:37","slug":"fhucup-fundacion-del-edil-de-tuxtepec-que-no-rinde-cuentas-desde-hace-5-anos","status":"publish","type":"post","link":"https:\/\/zonaroja.com.mx\/?p=8907","title":{"rendered":"Fhucup, fundaci\u00f3n del edil de Tuxtepec que no rinde cuentas desde hace 5 a\u00f1os"},"content":{"rendered":"\n<p>Ismael Garc\u00eda M.\/Zona Roja.<\/p>\n\n\n\n<p>San Juan Bautista Tuxtepec, Oax., 18 de\nfebrero de 2020.- Desde hace cinco a\u00f1os, la Fundaci\u00f3n Humanitaria de la Cuenca\ndel Papaloapan (Fhucup) no rinde cuentas de sus actividades ni aplicaci\u00f3n de\nrecursos ante la Comisi\u00f3n de Fomento a las Actividades de las Organizaciones de\nla Sociedad Civil, inform\u00f3 el organismo del Instituto Nacional de Desarrollo\nSocial (Indesol).<\/p>\n\n\n\n<p>La organizaci\u00f3n creada y registrada a\nnombre de Fernando Bautista D\u00e1vila, presidente actual de San Juan Bautista\nTuxtepec y que funge como edil desde el 2017, ha incumplido con dicho requisito\ngubernamental desde el a\u00f1o 2015.<\/p>\n\n\n\n<p>Fhucup, inscrita el 9 de febrero del\n2012, se mantiene como una organizaci\u00f3n \u201cinactiva\u201d porque se le detect\u00f3 \u201cla\nfalta de presentaci\u00f3n de por lo menos dos informes anuales recientes, de manera\nconsecutiva, los cuales debi\u00f3 presentar ante la Comisi\u00f3n de Fomento a las\nActividades de las Organizaciones de la Sociedad Civil\u201d, reporta el gobierno\nfederal.<\/p>\n\n\n\n<p>Durante los a\u00f1os 2012 y 2013, la\nfundaci\u00f3n present\u00f3 informes extempor\u00e1neos; en el 2014 en tiempo y desde el 2015\nal 2019 el organismo advierte \u201cno presentado\u201d.<\/p>\n\n\n\n<p>Sin embargo, el pasado 9 de febrero la\nFhucup celebr\u00f3 en un evento masivo los nueve a\u00f1os de la fundaci\u00f3n, donde se dio\na conocer de las acciones realizadas en un a\u00f1o y en el que hubo rifa de\nm\u00faltiples regalos, as\u00ed como la presentaci\u00f3n de un espect\u00e1culo musical.<\/p>\n\n\n\n<p>La dependencia federal advierte que una\nasociaci\u00f3n con el indicativo \u201cinactiva\u201d es una alerta a las dependencias y\nentidades de la Administraci\u00f3n P\u00fablica Federal, al igual que a la ciudadan\u00eda\nque la informaci\u00f3n con la que cuentan no permite en estos momentos avalar la\nvigencia y certeza de los datos mostrados.<\/p>\n\n\n\n<p>La asociaci\u00f3n de Bautista D\u00e1vila cuenta\ncon un estatus de representaci\u00f3n de vigente, bajo la Clave \u00danica de Inscripci\u00f3n\n(Cluni) FHC1102132001D, constituida desde el a\u00f1o 2011.<\/p>\n\n\n\n<p>TRAMPOL\u00cdN POL\u00cdTICO<\/p>\n\n\n\n<p>La Fundaci\u00f3n Humanitaria de la Cuenca\ndel Papaloapan (Fhucup) ha sido se\u00f1alada como trampol\u00edn pol\u00edtico para los\nfuncionarios cercanos al edil de Tuxtepec.<\/p>\n\n\n\n<p>Cuando Fernando Bautista D\u00e1vila dej\u00f3 la\npresidencia para lanzarse como candidato por el Partido del Trabajo para la\npresidencia de Tuxtepec, dej\u00f3 en el mando su colaborador Marcos Hern\u00e1ndez\nBravo, quien tambi\u00e9n fue responsable de la estrategia pol\u00edtica en el PT.<\/p>\n\n\n\n<p>Ambos se lanzaron como candidatos a la\npresidencia y diputaci\u00f3n local por Nueva Alianza, respectivamente, para el\nproceso electoral del 2018 y por el que Bautista D\u00e1vila gan\u00f3 la reelecci\u00f3n para\n2019-2021, pero sin logro para Marcos Bravo, quien ahora es coordinador\nNacional en Oaxaca de Movimiento Ciudadano, al que ahora se vinculan las\nautoridades municipales.&nbsp; Ambos presentes\nen el festejo pasado de Fhucup.<\/p>\n\n\n\n<p>APOYOS RECIBIDOS<\/p>\n\n\n\n<p>La Comisi\u00f3n inform\u00f3 que en el 2014\nFhucup recibi\u00f3 de la Secretar\u00eda de Desarrollo Agrario, Territorial y Urbano, un\nmill\u00f3n de pesos como parte del Programa Fomento al Desarrollo Agrario (FORMAR).<\/p>\n\n\n\n<p>Mientras que en 2012 y 2013 recibi\u00f3 talleres\ny capacitaciones del Instituto Nacional de Desarrollo Social y Unidad de\nDesarrollo Pol\u00edtico y Fomento C\u00edvico, que no implic\u00f3 entrega de dinero.<\/p>\n","protected":false},"excerpt":{"rendered":"<p>Ismael Garc\u00eda M.\/Zona Roja. San Juan Bautista Tuxtepec, Oax., 18 de febrero de 2020.- Desde&hellip;<\/p>\n","protected":false},"author":2,"featured_media":7289,"comment_status":"closed","ping_status":"open","sticky":false,"template":"","format":"standard","meta":{"_lmt_disableupdate":"","_lmt_disable":"","_jetpack_memberships_contains_paid_content":false,"footnotes":""},"categories":[109,47],"tags":[910,118],"class_list":["post-8907","post","type-post","status-publish","format-standard","has-post-thumbnail","hentry","category-minuto-a-minuto","category-zona-gris","tag-fernando-bautista-davila","tag-san-juan-bautista-tuxtepec"],"jetpack_featured_media_url":"https:\/\/zonaroja.com.mx\/wp-content\/uploads\/2020\/01\/Fernando-Bautista-D\u00e1vila.jpg","jetpack_sharing_enabled":true,"_links":{"self":[{"href":"https:\/\/zonaroja.com.mx\/index.php?rest_route=\/wp\/v2\/posts\/8907","targetHints":{"allow":["GET"]}}],"collection":[{"href":"https:\/\/zonaroja.com.mx\/index.php?rest_route=\/wp\/v2\/posts"}],"about":[{"href":"https:\/\/zonaroja.com.mx\/index.php?rest_route=\/wp\/v2\/types\/post"}],"author":[{"embeddable":true,"href":"https:\/\/zonaroja.com.mx\/index.php?rest_route=\/wp\/v2\/users\/2"}],"replies":[{"embeddable":true,"href":"https:\/\/zonaroja.com.mx\/index.php?rest_route=%2Fwp%2Fv2%2Fcomments&post=8907"}],"version-history":[{"count":2,"href":"https:\/\/zonaroja.com.mx\/index.php?rest_route=\/wp\/v2\/posts\/8907\/revisions"}],"predecessor-version":[{"id":8910,"href":"https:\/\/zonaroja.com.mx\/index.php?rest_route=\/wp\/v2\/posts\/8907\/revisions\/8910"}],"wp:featuredmedia":[{"embeddable":true,"href":"https:\/\/zonaroja.com.mx\/index.php?rest_route=\/wp\/v2\/media\/7289"}],"wp:attachment":[{"href":"https:\/\/zonaroja.com.mx\/index.php?rest_route=%2Fwp%2Fv2%2Fmedia&parent=8907"}],"wp:term":[{"taxonomy":"category","embeddable":true,"href":"https:\/\/zonaroja.com.mx\/index.php?rest_route=%2Fwp%2Fv2%2Fcategories&post=8907"},{"taxonomy":"post_tag","embeddable":true,"href":"https:\/\/zonaroja.com.mx\/index.php?rest_route=%2Fwp%2Fv2%2Ftags&post=8907"}],"curies":[{"name":"wp","href":"https:\/\/api.w.org\/{rel}","templated":true}]}}