{"id":89073,"date":"2026-01-14T15:36:00","date_gmt":"2026-01-14T21:36:00","guid":{"rendered":"https:\/\/zonaroja.com.mx\/?p=89073"},"modified":"2026-01-14T14:37:26","modified_gmt":"2026-01-14T20:37:26","slug":"determina-tribunal-que-no-es-necesario-agotar-plazo-para-solicitar-revocacion-de-mandato","status":"publish","type":"post","link":"https:\/\/zonaroja.com.mx\/?p=89073","title":{"rendered":"Determina Tribunal que no es necesario agotar plazo para solicitar revocaci\u00f3n de mandato"},"content":{"rendered":"\n<p>Redacci\u00f3n\/Zona Roja.<\/p>\n\n\n\n<p>Oaxaca, Oax., a 14 de enero de 2026.- El Tribunal Electoral de Estado de Oaxaca (TEEO) resolvi\u00f3 un Juicio para la Protecci\u00f3n de los Derechos Pol\u00edtico Electorales de la Ciudadan\u00eda (JDC) promovido en contra de dos acuerdos emitidos por el Consejo General del IEEPCO mediante los cuales se aprob\u00f3 la convocatoria y el calendario del proceso de revocaci\u00f3n de mandato.<\/p>\n\n\n\n<p>En sesi\u00f3n p\u00fablica urgente, las magistradas analizaron y resolvieron el juicio identificado con la clave JDC\/11\/2026, mediante el cual una persona promovente del procedimiento de revocaci\u00f3n de mandato, controvirti\u00f3 dos acuerdos emitidos por el Consejo General del IEEPCO referentes a la aprobaci\u00f3n de la convocatoria y el calendario del proceso de revocaci\u00f3n de mandato, alegando la vulneraci\u00f3n del derecho de la ciudadan\u00eda a presentar la solicitud de revocaci\u00f3n de mandato dentro del plazo constitucional de tres meses.<\/p>\n\n\n\n<p>El TEEO declar\u00f3 como infundados e inoperantes los planteamientos de la persona promovente, ello porque del an\u00e1lisis de sus argumentos se observ\u00f3 que parti\u00f3 de una interpretaci\u00f3n incorrecta de lo resuelto por la Suprema Corte de Justicia de la Naci\u00f3n en la Acci\u00f3n de Inconstitucionalidad 116\/2025 y sus acumuladas, puesto que el plazo de tres meses reconocido constituye un l\u00edmite m\u00e1ximo, sin que la SCJN haya establecido que la autoridad electoral deba esperar el vencimiento total de dicho plazo para verificar los apoyos o emitir determinaciones posteriores.<\/p>\n\n\n\n<p>El Tribunal concluy\u00f3 que el procedimiento de revocaci\u00f3n de mandato no se rige exclusivamente por el transcurso del tiempo, sino por el cumplimiento de un requisito sustancial de car\u00e1cter colectivo consistente en alcanzar el porcentaje m\u00ednimo de apoyo ciudadano exigido por la Constituci\u00f3n y la Ley, hecho que fue acreditado por el IEEPCO.<\/p>\n","protected":false},"excerpt":{"rendered":"<p>Redacci\u00f3n\/Zona Roja. Oaxaca, Oax., a 14 de enero de 2026.- El Tribunal Electoral de Estado&hellip;<\/p>\n","protected":false},"author":2,"featured_media":88566,"comment_status":"closed","ping_status":"open","sticky":false,"template":"","format":"standard","meta":{"_lmt_disableupdate":"","_lmt_disable":"","_jetpack_memberships_contains_paid_content":false,"footnotes":""},"categories":[109,47],"tags":[4512,2235],"class_list":["post-89073","post","type-post","status-publish","format-standard","has-post-thumbnail","hentry","category-minuto-a-minuto","category-zona-gris","tag-revocacion-de-mandato-oaxaca","tag-tribunal-electoral-del-estado-de-oaxaca-teeo"],"jetpack_featured_media_url":"https:\/\/zonaroja.com.mx\/wp-content\/uploads\/2025\/12\/Proceso-de-Revocacion-de-Mandato.jpeg","jetpack_sharing_enabled":true,"_links":{"self":[{"href":"https:\/\/zonaroja.com.mx\/index.php?rest_route=\/wp\/v2\/posts\/89073","targetHints":{"allow":["GET"]}}],"collection":[{"href":"https:\/\/zonaroja.com.mx\/index.php?rest_route=\/wp\/v2\/posts"}],"about":[{"href":"https:\/\/zonaroja.com.mx\/index.php?rest_route=\/wp\/v2\/types\/post"}],"author":[{"embeddable":true,"href":"https:\/\/zonaroja.com.mx\/index.php?rest_route=\/wp\/v2\/users\/2"}],"replies":[{"embeddable":true,"href":"https:\/\/zonaroja.com.mx\/index.php?rest_route=%2Fwp%2Fv2%2Fcomments&post=89073"}],"version-history":[{"count":1,"href":"https:\/\/zonaroja.com.mx\/index.php?rest_route=\/wp\/v2\/posts\/89073\/revisions"}],"predecessor-version":[{"id":89074,"href":"https:\/\/zonaroja.com.mx\/index.php?rest_route=\/wp\/v2\/posts\/89073\/revisions\/89074"}],"wp:featuredmedia":[{"embeddable":true,"href":"https:\/\/zonaroja.com.mx\/index.php?rest_route=\/wp\/v2\/media\/88566"}],"wp:attachment":[{"href":"https:\/\/zonaroja.com.mx\/index.php?rest_route=%2Fwp%2Fv2%2Fmedia&parent=89073"}],"wp:term":[{"taxonomy":"category","embeddable":true,"href":"https:\/\/zonaroja.com.mx\/index.php?rest_route=%2Fwp%2Fv2%2Fcategories&post=89073"},{"taxonomy":"post_tag","embeddable":true,"href":"https:\/\/zonaroja.com.mx\/index.php?rest_route=%2Fwp%2Fv2%2Ftags&post=89073"}],"curies":[{"name":"wp","href":"https:\/\/api.w.org\/{rel}","templated":true}]}}