{"id":89075,"date":"2026-01-14T19:28:32","date_gmt":"2026-01-15T01:28:32","guid":{"rendered":"https:\/\/zonaroja.com.mx\/?p=89075"},"modified":"2026-01-14T19:28:34","modified_gmt":"2026-01-15T01:28:34","slug":"decepcionada-de-la-justicia-mexicana-familia-de-erick-jair-acudira-a-la-cidh","status":"publish","type":"post","link":"https:\/\/zonaroja.com.mx\/?p=89075","title":{"rendered":"Decepcionada de la justicia mexicana, familia de Erick Jair acudir\u00e1 a la CIDH"},"content":{"rendered":"\n<p>Lisbeth Mej\u00eda Reyes\/Zona Roja.<\/p>\n\n\n\n<p>Oaxaca, Oax., a 14 de enero de 2026.- \u201cQuedo muy decepcionado de la justicia, a pesar de que hace tiempo yo pertenec\u00eda a la Fiscal\u00eda General del Estado, 12 a\u00f1os, y tuve investigaciones importantes\u00bb, expres\u00f3 Juli\u00e1n P\u00e9rez L\u00f3pez, padre del joven Erick Jair P\u00e9rez Lim\u00f3n, desaparecido hace seis meses en San Agust\u00edn de las Juntas, Oaxaca.<\/p>\n\n\n\n<p>A pesar de haber investigado por cuenta propia y de haber proporcionado los videos y dem\u00e1s datos relacionados con el hecho al ministerio p\u00fablico de la Fiscal\u00eda, P\u00e9rez L\u00f3pez denunci\u00f3 la falta de responsabilidad y de profesionalismo de las autoridades ministeriales.&nbsp;<\/p>\n\n\n\n<p>Por ello denunciar\u00e1n al Estado Mexicano ante la Comisi\u00f3n Interamericana de Derechos Humanos, una acci\u00f3n que se suma a la acci\u00f3n urgente 2134\/2025 emitida por el Comit\u00e9 de Desaparici\u00f3n Forzada de la Organizaci\u00f3n de las Naciones Unidas (ONU) que obliga a las autoridades mexicanas a agilizar la investigaci\u00f3n, b\u00fasqueda y localizaci\u00f3n del joven de 21 a\u00f1os.<\/p>\n\n\n\n<p>Este mi\u00e9rcoles, en conferencia de prensa en la ciudad de Oaxaca, el padre de Erick Jair detall\u00f3 que la Fiscal\u00eda no solamente archiv\u00f3 la carpeta de investigaci\u00f3n por la desaparici\u00f3n y tortura sufridas por Erick el 15 de abril, tras ser entregado por polic\u00edas municipales a particulares que lo abandonaron en un tiradero por \u201cEl Tequio\u201d.&nbsp;<\/p>\n\n\n\n<p>\u201cTambi\u00e9n archiv\u00f3 los videos que le entreg\u00f3 hace tres meses sobre el d\u00eda de la desaparici\u00f3n de Erick, ocurrida la noche del 23 de junio. De haberse investigado la agresi\u00f3n del 15 de abril, Juli\u00e1n P\u00e9rez considera que su hijo estar\u00eda con ellos y los culpables, en la c\u00e1rcel.&nbsp;<\/p>\n\n\n\n<p>AEI ACOSADOR<\/p>\n\n\n\n<p>Durante la conferencia, P\u00e9rez L\u00f3pez tambi\u00e9n denunci\u00f3 p\u00fablicamente al agente estatal, Daniel de Jes\u00fas Francisco, con n\u00famero de placa 655, del grupo de investigaci\u00f3n de desaparici\u00f3n de personas, de la Agencia Estatal de Investigaciones (AEI), por acoso sexual en contra de su hija, Ivonne Janeth, y en contra de una testigo.<\/p>\n\n\n\n<p>En lugar de asumir su responsabilidad en la investigaci\u00f3n, el agente solamente ha revictimizado a la familia, acus\u00f3 Juli\u00e1n junto a su hija y el abogado Joaqu\u00edn Galv\u00e1n, quien acompa\u00f1a el caso.<\/p>\n\n\n\n<p>\u00abConfiamos en la Fiscal\u00eda General del Estado de Oaxaca, pero lamentablemente me voy con un sabor amargo por parte de la Fiscal\u00eda. Le dimos la confianza y a m\u00e1s de seis meses no tenemos ning\u00fan dato de Erick Jair, ning\u00fan acto de investigaci\u00f3n\u00bb, lament\u00f3 Juli\u00e1n P\u00e9rez, quien despu\u00e9s de ser agente ha ejercido el oficio de taxista.<\/p>\n\n\n\n<p>Juli\u00e1n acus\u00f3 que tras agotarse la primera l\u00ednea de investigaci\u00f3n (la de la localizaci\u00f3n del taxi que manejaba Erick en la comunidad de San Lorenzo Albarradas), el ministerio p\u00fablico de nombre Hip\u00f3lito le dijo que no hab\u00eda una segunda l\u00ednea.&nbsp;<\/p>\n\n\n\n<p>\u00abYo proporcion\u00e9 esos videos donde hubo tres veh\u00edculos, dos que participaron y el taxi donde iba mi hijo, cada veh\u00edculo agarra diferente destino. Entonces (el ministerio) no hab\u00eda checado esos videos y ten\u00eda m\u00e1s de tres meses que los hab\u00eda proporcionado\u00bb.<\/p>\n\n\n\n<p>Por la desaparici\u00f3n de Erick Jair P\u00e9rez Lim\u00f3n, el Gobierno de M\u00e9xico admiti\u00f3 hace aproximadamente un mes la acci\u00f3n urgente del Comit\u00e9 de Desaparici\u00f3n Forzada de la Organizaci\u00f3n de las Naciones Unidas (ONU) con la que se le exige agilizar la b\u00fasqueda y localizaci\u00f3n del joven, quien al momento de su desaparici\u00f3n ten\u00eda 21 a\u00f1os de edad.<\/p>\n\n\n\n<p>En estos seis meses, la familia no solo ha sido revictimizada sino tambi\u00e9n intimidada.<\/p>\n\n\n\n<p>\u00abMi molestia es muy grande en estos momentos, al igual que mi familia, no hemos vivido ni una tranquilidad ni paz en nuestro domicilio. He percibido varias camionetas que han pasado por mi domicilio, me han intimidado. \u00bfPor qu\u00e9? Porque sigo al pie de la investigaci\u00f3n\u00bb, extern\u00f3 Juli\u00e1n.<\/p>\n\n\n\n<p>DENUNCIA INTERNACIONAL<\/p>\n\n\n\n<p>El abogado y activista Joaqu\u00edn Galv\u00e1n inform\u00f3 que denunciar\u00e1n al Estado Mexicano ante la Comisi\u00f3n Interamericana de Derechos Humanos (CIDH) por la desaparici\u00f3n del joven Erick Jair P\u00e9rez Lim\u00f3n y la revictimizaci\u00f3n de la que ha sido objeto la familia del joven por parte de las autoridades.<\/p>\n\n\n\n<p>Antes de las nuevas denuncias de revictimizaci\u00f3n, el activista Joaqu\u00edn Galv\u00e1n hab\u00eda exigido en diciembre pasado el cambio e investigaci\u00f3n del ministerio p\u00fablico y agentes de investigaci\u00f3n que llevan el caso, as\u00ed como de la vicefiscal de Atenci\u00f3n a V\u00edctimas, Ilse Rivera.&nbsp;<\/p>\n\n\n\n<p>Esta \u00faltima por amenazar y revictimizar a la familia de Erick por la intervenci\u00f3n de Galv\u00e1n en el caso.<\/p>\n\n\n\n<p>Hasta ahora, la familia y el activista reiteraron que no hay avances significativos en la b\u00fasqueda de Erick m\u00e1s all\u00e1 de detenci\u00f3n de tres particulares (E. A. M. L., alias \u201cEl Talib\u00e1n\u201d; Carlos M., empresario conocido como \u00abEl mezcalero\u00bb, y U. F. C. R., alias \u201cEl Chup\u00f3n\u201d) por la agresi\u00f3n que sufri\u00f3 Erick en abril, tras ser entregado por polic\u00edas de San Agust\u00edn de las Juntas.<\/p>\n\n\n\n<p>Tales detenciones se dieron a ra\u00edz de que el padre de Erick Jair logr\u00f3 la reactivaci\u00f3n de la carpeta de investigaci\u00f3n.<\/p>\n\n\n\n<p>Sin embargo, el principal sospechoso de la desaparici\u00f3n, Gaspar N., padre de la novia de Erick, sigue pr\u00f3fugo. El se\u00f1alado, presuntamente ligado a un grupo de transportistas, se opon\u00eda a la relaci\u00f3n del joven con su hija y lo amenaz\u00f3 antes de citarlo aquel 23 de junio..<\/p>\n","protected":false},"excerpt":{"rendered":"<p>Lisbeth Mej\u00eda Reyes\/Zona Roja. Oaxaca, Oax., a 14 de enero de 2026.- \u201cQuedo muy decepcionado&hellip;<\/p>\n","protected":false},"author":2,"featured_media":89070,"comment_status":"closed","ping_status":"open","sticky":false,"template":"","format":"standard","meta":{"_lmt_disableupdate":"","_lmt_disable":"","_jetpack_memberships_contains_paid_content":false,"footnotes":""},"categories":[109,47],"tags":[4465,743],"class_list":["post-89075","post","type-post","status-publish","format-standard","has-post-thumbnail","hentry","category-minuto-a-minuto","category-zona-gris","tag-erick-jair-perez-limon","tag-san-agustin-de-las-juntas"],"jetpack_featured_media_url":"https:\/\/zonaroja.com.mx\/wp-content\/uploads\/2026\/01\/Conferencia-caso-Erick-Jair-San-Agustin-de-las-Juntas.jpg","jetpack_sharing_enabled":true,"_links":{"self":[{"href":"https:\/\/zonaroja.com.mx\/index.php?rest_route=\/wp\/v2\/posts\/89075","targetHints":{"allow":["GET"]}}],"collection":[{"href":"https:\/\/zonaroja.com.mx\/index.php?rest_route=\/wp\/v2\/posts"}],"about":[{"href":"https:\/\/zonaroja.com.mx\/index.php?rest_route=\/wp\/v2\/types\/post"}],"author":[{"embeddable":true,"href":"https:\/\/zonaroja.com.mx\/index.php?rest_route=\/wp\/v2\/users\/2"}],"replies":[{"embeddable":true,"href":"https:\/\/zonaroja.com.mx\/index.php?rest_route=%2Fwp%2Fv2%2Fcomments&post=89075"}],"version-history":[{"count":1,"href":"https:\/\/zonaroja.com.mx\/index.php?rest_route=\/wp\/v2\/posts\/89075\/revisions"}],"predecessor-version":[{"id":89076,"href":"https:\/\/zonaroja.com.mx\/index.php?rest_route=\/wp\/v2\/posts\/89075\/revisions\/89076"}],"wp:featuredmedia":[{"embeddable":true,"href":"https:\/\/zonaroja.com.mx\/index.php?rest_route=\/wp\/v2\/media\/89070"}],"wp:attachment":[{"href":"https:\/\/zonaroja.com.mx\/index.php?rest_route=%2Fwp%2Fv2%2Fmedia&parent=89075"}],"wp:term":[{"taxonomy":"category","embeddable":true,"href":"https:\/\/zonaroja.com.mx\/index.php?rest_route=%2Fwp%2Fv2%2Fcategories&post=89075"},{"taxonomy":"post_tag","embeddable":true,"href":"https:\/\/zonaroja.com.mx\/index.php?rest_route=%2Fwp%2Fv2%2Ftags&post=89075"}],"curies":[{"name":"wp","href":"https:\/\/api.w.org\/{rel}","templated":true}]}}