{"id":89080,"date":"2026-01-14T21:30:58","date_gmt":"2026-01-15T03:30:58","guid":{"rendered":"https:\/\/zonaroja.com.mx\/?p=89080"},"modified":"2026-01-14T21:31:00","modified_gmt":"2026-01-15T03:31:00","slug":"istmo-violento-registra-tres-homicidios-este-miercoles","status":"publish","type":"post","link":"https:\/\/zonaroja.com.mx\/?p=89080","title":{"rendered":"Istmo violento: registra tres homicidios este mi\u00e9rcoles"},"content":{"rendered":"\n<p>Raymundo Morales\/Zona Roja.<\/p>\n\n\n\n<p>Oaxaca, Oax., a 14 de enero de 2026.- Al menos tres homicidios se registraron este mi\u00e9rcoles en la regi\u00f3n del Istmo, dos de ellos en Juchit\u00e1n de Zaragoza y uno en Santo Domingo Tehuantepec.<\/p>\n\n\n\n<p>En Tehuantepec, en la tarde se registr\u00f3 un ataque armado en la zona conocida como \u201cEl Crucerito\u201d, en el barrio de Santa Cruz Tagolaba, cerca de un plantel educativo.<\/p>\n\n\n\n<p>En el lugar qued\u00f3 sin vida una persona que circulaba a bordo de su motocicleta, identificada de manera preliminar como Miguel P. R., de 30 a\u00f1os de edad; hasta el momento se desconoce el m\u00f3vil del ataque y no hay personas detenidas.<\/p>\n\n\n\n<p>Horas antes, en la Segunda Secci\u00f3n de Juchit\u00e1n, fue ultimado a balazos un mototaxista, que, seg\u00fan sus familiares, respondi\u00f3 en vida al nombre de Isa\u00edas V. R., de 21 a\u00f1os de edad.<\/p>\n\n\n\n<p>El joven transitaba a bordo de un mototaxi del sitio MOSI; sus compa\u00f1eros y familiares pretendieron rescatar el cuerpo de la v\u00edctima, por lo cual hubo momentos de forcejeo; finalmente lograron llevarse el cad\u00e1ver.<\/p>\n\n\n\n<p>Tambi\u00e9n en Juchit\u00e1n pero en un canal de riego, a un costado de la carretera Juchit\u00e1n-Tehuantepec, fue hallado un cuerpo sin vida.<\/p>\n\n\n\n<p>Tras el rescate, familiares de la v\u00edctima lo identificaron como Rogelio \u201cN\u201d y exigieron a las autoridades esclarecer el caso.<\/p>\n\n\n\n<p>La Vicefiscal\u00eda Regional del Istmo, dependiente de la Fiscal\u00eda General del Estado de Oaxaca, contin\u00faa con las indagatorias y en los tres casos no hay personas detenidas.<\/p>\n","protected":false},"excerpt":{"rendered":"<p>Raymundo Morales\/Zona Roja. Oaxaca, Oax., a 14 de enero de 2026.- Al menos tres homicidios&hellip;<\/p>\n","protected":false},"author":2,"featured_media":89081,"comment_status":"closed","ping_status":"open","sticky":false,"template":"","format":"standard","meta":{"_lmt_disableupdate":"","_lmt_disable":"","_jetpack_memberships_contains_paid_content":false,"footnotes":""},"categories":[109,51],"tags":[533,297],"class_list":["post-89080","post","type-post","status-publish","format-standard","has-post-thumbnail","hentry","category-minuto-a-minuto","category-zona-roja","tag-asesinado-en-tehuantepec","tag-ejecutado-juchitan"],"jetpack_featured_media_url":"https:\/\/zonaroja.com.mx\/wp-content\/uploads\/2026\/01\/Asesinado-Tehuantepec-miercoles.jpg","jetpack_sharing_enabled":true,"_links":{"self":[{"href":"https:\/\/zonaroja.com.mx\/index.php?rest_route=\/wp\/v2\/posts\/89080","targetHints":{"allow":["GET"]}}],"collection":[{"href":"https:\/\/zonaroja.com.mx\/index.php?rest_route=\/wp\/v2\/posts"}],"about":[{"href":"https:\/\/zonaroja.com.mx\/index.php?rest_route=\/wp\/v2\/types\/post"}],"author":[{"embeddable":true,"href":"https:\/\/zonaroja.com.mx\/index.php?rest_route=\/wp\/v2\/users\/2"}],"replies":[{"embeddable":true,"href":"https:\/\/zonaroja.com.mx\/index.php?rest_route=%2Fwp%2Fv2%2Fcomments&post=89080"}],"version-history":[{"count":1,"href":"https:\/\/zonaroja.com.mx\/index.php?rest_route=\/wp\/v2\/posts\/89080\/revisions"}],"predecessor-version":[{"id":89082,"href":"https:\/\/zonaroja.com.mx\/index.php?rest_route=\/wp\/v2\/posts\/89080\/revisions\/89082"}],"wp:featuredmedia":[{"embeddable":true,"href":"https:\/\/zonaroja.com.mx\/index.php?rest_route=\/wp\/v2\/media\/89081"}],"wp:attachment":[{"href":"https:\/\/zonaroja.com.mx\/index.php?rest_route=%2Fwp%2Fv2%2Fmedia&parent=89080"}],"wp:term":[{"taxonomy":"category","embeddable":true,"href":"https:\/\/zonaroja.com.mx\/index.php?rest_route=%2Fwp%2Fv2%2Fcategories&post=89080"},{"taxonomy":"post_tag","embeddable":true,"href":"https:\/\/zonaroja.com.mx\/index.php?rest_route=%2Fwp%2Fv2%2Ftags&post=89080"}],"curies":[{"name":"wp","href":"https:\/\/api.w.org\/{rel}","templated":true}]}}