{"id":89083,"date":"2026-01-15T07:07:08","date_gmt":"2026-01-15T13:07:08","guid":{"rendered":"https:\/\/zonaroja.com.mx\/?p=89083"},"modified":"2026-01-15T07:07:11","modified_gmt":"2026-01-15T13:07:11","slug":"confirman-2-muertos-y-10-heridos-por-volcadura-en-zona-mazateca","status":"publish","type":"post","link":"https:\/\/zonaroja.com.mx\/?p=89083","title":{"rendered":"Confirman 2 muertos y 10 heridos por volcadura en zona Mazateca"},"content":{"rendered":"\n<p>Redacci\u00f3n\/Zona Roja.<\/p>\n\n\n\n<p>Oaxaca, Oax., a 15 de enero de 2026.- Dos personas perdieron la vida y al menos 10 m\u00e1s resultaron lesionadas a causa de la volcadura de una camioneta de pasajeros en la regi\u00f3n de Sierra de Flores Mag\u00f3n, Oaxaca.<\/p>\n\n\n\n<p>El gobierno de Oaxaca confirm\u00f3 que el percance ocurri\u00f3 en el camino que comunica a las localidades de San Alejo el Progreso y Santo Tom\u00e1s, en el municipio de San Francisco Chapulapa.<\/p>\n\n\n\n<p>Fue la tarde de este mi\u00e9rcoles en una camioneta volc\u00f3 y cay\u00f3 a una hondonada, tras lo cual acudieron diversos cuerpos de auxilio y de protecci\u00f3n civil.<\/p>\n\n\n\n<p>La autoridad estatal inform\u00f3 que las y los heridos fueron trasladados al Hospital General \u201cDr. Alberto Vargas Merino\u201d ubicado en San Juan Bautista Cuicatl\u00e1n, en donde son atendidos por personal m\u00e9dico especializado.<\/p>\n\n\n\n<p>Detall\u00f3 que al lugar se trasladaron, de manera inmediata, personal de la Polic\u00eda Estatal, Polic\u00eda Vial Estatal, Coordinaci\u00f3n de Delegados de Paz y de la Coordinaci\u00f3n Estatal de Protecci\u00f3n Civil y Gesti\u00f3n de Riesgos para la atenci\u00f3n de esta emergencia.<\/p>\n","protected":false},"excerpt":{"rendered":"<p>Redacci\u00f3n\/Zona Roja. Oaxaca, Oax., a 15 de enero de 2026.- Dos personas perdieron la vida&hellip;<\/p>\n","protected":false},"author":2,"featured_media":89084,"comment_status":"closed","ping_status":"open","sticky":false,"template":"","format":"standard","meta":{"_lmt_disableupdate":"","_lmt_disable":"","_jetpack_memberships_contains_paid_content":false,"footnotes":""},"categories":[109,47],"tags":[],"class_list":["post-89083","post","type-post","status-publish","format-standard","has-post-thumbnail","hentry","category-minuto-a-minuto","category-zona-gris"],"jetpack_featured_media_url":"https:\/\/zonaroja.com.mx\/wp-content\/uploads\/2026\/01\/Volcadura-de-camioneta-en-la-Mazateca-dos-muertos.jpeg","jetpack_sharing_enabled":true,"_links":{"self":[{"href":"https:\/\/zonaroja.com.mx\/index.php?rest_route=\/wp\/v2\/posts\/89083","targetHints":{"allow":["GET"]}}],"collection":[{"href":"https:\/\/zonaroja.com.mx\/index.php?rest_route=\/wp\/v2\/posts"}],"about":[{"href":"https:\/\/zonaroja.com.mx\/index.php?rest_route=\/wp\/v2\/types\/post"}],"author":[{"embeddable":true,"href":"https:\/\/zonaroja.com.mx\/index.php?rest_route=\/wp\/v2\/users\/2"}],"replies":[{"embeddable":true,"href":"https:\/\/zonaroja.com.mx\/index.php?rest_route=%2Fwp%2Fv2%2Fcomments&post=89083"}],"version-history":[{"count":1,"href":"https:\/\/zonaroja.com.mx\/index.php?rest_route=\/wp\/v2\/posts\/89083\/revisions"}],"predecessor-version":[{"id":89085,"href":"https:\/\/zonaroja.com.mx\/index.php?rest_route=\/wp\/v2\/posts\/89083\/revisions\/89085"}],"wp:featuredmedia":[{"embeddable":true,"href":"https:\/\/zonaroja.com.mx\/index.php?rest_route=\/wp\/v2\/media\/89084"}],"wp:attachment":[{"href":"https:\/\/zonaroja.com.mx\/index.php?rest_route=%2Fwp%2Fv2%2Fmedia&parent=89083"}],"wp:term":[{"taxonomy":"category","embeddable":true,"href":"https:\/\/zonaroja.com.mx\/index.php?rest_route=%2Fwp%2Fv2%2Fcategories&post=89083"},{"taxonomy":"post_tag","embeddable":true,"href":"https:\/\/zonaroja.com.mx\/index.php?rest_route=%2Fwp%2Fv2%2Ftags&post=89083"}],"curies":[{"name":"wp","href":"https:\/\/api.w.org\/{rel}","templated":true}]}}