{"id":89086,"date":"2026-01-15T08:15:00","date_gmt":"2026-01-15T14:15:00","guid":{"rendered":"https:\/\/zonaroja.com.mx\/?p=89086"},"modified":"2026-01-15T07:15:36","modified_gmt":"2026-01-15T13:15:36","slug":"se-reagrupa-la-seccion-22-con-organizaciones-sociales-para-fortalecer-lucha","status":"publish","type":"post","link":"https:\/\/zonaroja.com.mx\/?p=89086","title":{"rendered":"Se reagrupa la Secci\u00f3n 22 con organizaciones sociales para fortalecer lucha"},"content":{"rendered":"\n<p>Ismael Garc\u00eda M.\/Zona Roja.<\/p>\n\n\n\n<p>Oaxaca, Oax., a 15 de enero de 2026.- La dirigencia de la Secci\u00f3n 22 del Sindicato Nacional de Trabajadores de la Educaci\u00f3n (SNTE) se reuni\u00f3 ayer con l\u00edderes de diversas organizaciones sociales.<\/p>\n\n\n\n<p>Ello \u201ccon el prop\u00f3sito de dar continuidad a la ruta del fortalecimiento de la pol\u00edtica de alianzas del Movimiento Democr\u00e1tico de Trabajadores de la Educaci\u00f3n de Oaxaca (MDTEO)\u201d, dio a conocer la gremial a trav\u00e9s de un comunicado.<\/p>\n\n\n\n<p>Ayer por la tarde, en el auditorio de la sede de la dirigencia magisterial, en el centro de la ciudad de Oaxaca, \u201cse retom\u00f3 el acercamiento con organizaciones sociales y colectivos que hist\u00f3ricamente han caminado al lado de la Secci\u00f3n 22\u201d.<\/p>\n\n\n\n<p>Remarc\u00f3 la necesidad de reagruparse ante el un contexto internacional, nacional y estatal \u201cmarcado por el avance de la ultraderecha, la criminalizaci\u00f3n de la protesta social y el recrudecimiento de las pol\u00edticas neoliberales\u201d.<\/p>\n\n\n\n<p>El encuentro fue presidido por la secretaria General del magisterio, Yenny Aracely P\u00e9rez Mart\u00ednez, con la presencia de las secretar\u00edas de Alianza y Gestor\u00eda Social, de Relaciones, as\u00ed como la Coordinaci\u00f3n de Alianza con otros Sectores de la CETEO y otros integrantes de la Comisi\u00f3n Pol\u00edtica.<\/p>\n\n\n\n<p>\u201cLas y los participantes coincidieron en que \u00fanicamente la unidad consciente, clasista y combativa del movimiento popular permitir\u00e1 hacer frente a la ofensiva reaccionaria y avanzar en la defensa de los derechos colectivos y las conquistas hist\u00f3ricas del pueblo trabajador, as\u00ed como en la construcci\u00f3n de un horizonte de justicia, dignidad y emancipaci\u00f3n\u201d, remarc\u00f3.<\/p>\n\n\n\n<p>En el encuentro estuvieron presentes la Unidad Anticapitalista de Pueblos Organizados de Oaxaca (UNAPO), integrada por CCORO, OIDHO, EDUCA, FPR, UCIDEBACC, CODEP, SAM HDZ y Asambleas de Pueblos.<\/p>\n\n\n\n<p>As\u00ed como del Comit\u00e9 Estatal de la Fuerza Independiente de Trabajadores de la Salud (Fintras); el Consejo Ind\u00edgena Popular de Oaxaca \u201cRicardo Flores Mag\u00f3n\u201d (CIPO-RFM); desplazadas de San Juan Copala; el Colectivo J\u00cdCARA; el Frente de Organizaciones Sociales (FORO), integrado por COCISS, FIZ, CODEDI y CODEPO.<\/p>\n\n\n\n<p>Asimismo, participaron la Alianza de Pueblos por la Justicia Social, conformada por CODEP, ACOPP, OPIDEO y PAIS; y la Coordinadora Contra la Represi\u00f3n y por la Justicia, integrada por COVIC-19 de Junio, CVFIMSMM, BCS, CCIRLSS, CIDF, CNPL, MAS, MULT, OMPI, UACOL, FIPOO, ACOPP y el Colectivo Subterr\u00e1neo.<\/p>\n","protected":false},"excerpt":{"rendered":"<p>Ismael Garc\u00eda M.\/Zona Roja. Oaxaca, Oax., a 15 de enero de 2026.- La dirigencia de&hellip;<\/p>\n","protected":false},"author":2,"featured_media":89087,"comment_status":"closed","ping_status":"open","sticky":false,"template":"","format":"standard","meta":{"_lmt_disableupdate":"","_lmt_disable":"","_jetpack_memberships_contains_paid_content":false,"footnotes":""},"categories":[109,47],"tags":[312],"class_list":["post-89086","post","type-post","status-publish","format-standard","has-post-thumbnail","hentry","category-minuto-a-minuto","category-zona-gris","tag-seccion-22-del-snte"],"jetpack_featured_media_url":"https:\/\/zonaroja.com.mx\/wp-content\/uploads\/2026\/01\/Seccion-22-y-organizaciones-sociales-se-reagrupan.jpg","jetpack_sharing_enabled":true,"_links":{"self":[{"href":"https:\/\/zonaroja.com.mx\/index.php?rest_route=\/wp\/v2\/posts\/89086","targetHints":{"allow":["GET"]}}],"collection":[{"href":"https:\/\/zonaroja.com.mx\/index.php?rest_route=\/wp\/v2\/posts"}],"about":[{"href":"https:\/\/zonaroja.com.mx\/index.php?rest_route=\/wp\/v2\/types\/post"}],"author":[{"embeddable":true,"href":"https:\/\/zonaroja.com.mx\/index.php?rest_route=\/wp\/v2\/users\/2"}],"replies":[{"embeddable":true,"href":"https:\/\/zonaroja.com.mx\/index.php?rest_route=%2Fwp%2Fv2%2Fcomments&post=89086"}],"version-history":[{"count":1,"href":"https:\/\/zonaroja.com.mx\/index.php?rest_route=\/wp\/v2\/posts\/89086\/revisions"}],"predecessor-version":[{"id":89088,"href":"https:\/\/zonaroja.com.mx\/index.php?rest_route=\/wp\/v2\/posts\/89086\/revisions\/89088"}],"wp:featuredmedia":[{"embeddable":true,"href":"https:\/\/zonaroja.com.mx\/index.php?rest_route=\/wp\/v2\/media\/89087"}],"wp:attachment":[{"href":"https:\/\/zonaroja.com.mx\/index.php?rest_route=%2Fwp%2Fv2%2Fmedia&parent=89086"}],"wp:term":[{"taxonomy":"category","embeddable":true,"href":"https:\/\/zonaroja.com.mx\/index.php?rest_route=%2Fwp%2Fv2%2Fcategories&post=89086"},{"taxonomy":"post_tag","embeddable":true,"href":"https:\/\/zonaroja.com.mx\/index.php?rest_route=%2Fwp%2Fv2%2Ftags&post=89086"}],"curies":[{"name":"wp","href":"https:\/\/api.w.org\/{rel}","templated":true}]}}