{"id":89092,"date":"2026-01-15T10:15:00","date_gmt":"2026-01-15T16:15:00","guid":{"rendered":"https:\/\/zonaroja.com.mx\/?p=89092"},"modified":"2026-01-15T07:54:00","modified_gmt":"2026-01-15T13:54:00","slug":"piden-en-congreso-suspender-a-los-agresores-de-alumno-de-talla-baja","status":"publish","type":"post","link":"https:\/\/zonaroja.com.mx\/?p=89092","title":{"rendered":"Piden en Congreso suspender a los agresores de alumno de talla baja"},"content":{"rendered":"\n<p>Lisbeth Mej\u00eda Reyes\/Zona Roja.<\/p>\n\n\n\n<p>Oaxaca, Oax., a 15 de enero de 2026.- A propuesta de la diputada Cecilia Olivia Cruz Merl\u00edn, la 66 Legislatura del Congreso Local exhort\u00f3 a la Secretar\u00eda de Educaci\u00f3n P\u00fablica (SEP), a trav\u00e9s de la Direcci\u00f3n General de Educaci\u00f3n Tecnol\u00f3gica Industrial (DGETI), y a la direcci\u00f3n del Centro de Bachillerato Tecnol\u00f3gico Industrial y de Servicios (CBTIS) 25 de Salina Cruz para que den seguimiento a la agresi\u00f3n en contra de un alumno de talla baja, ocurridos entre octubre y noviembre de 2025.<\/p>\n\n\n\n<p>Durante su participaci\u00f3n en la sesi\u00f3n ordinaria del martes, la presidenta de la Comisi\u00f3n Permanente de Atenci\u00f3n a Grupos en Situaci\u00f3n de Vulnerabilidad dijo que el caso tiene que tratarse bajo el Sistema Integral de Justicia Penal para Adolescentes, por ser personas menores de edad las involucradas en la agresi\u00f3n en contra del estudiante.<\/p>\n\n\n\n<p>Este caso no puede minimizarse ni tratarse como una broma o un conflicto entre estudiantes, se\u00f1al\u00f3 la legisladora, ya que hubo agresi\u00f3n, exposici\u00f3n p\u00fablica y \u00abuna falla grave en el deber de cuidado que debe existir dentro de una instituci\u00f3n educativa\u00bb.<\/p>\n\n\n\n<p>Adem\u00e1s de la v\u00eda penal, explic\u00f3 que se tienen que aplicar \u00abmedidas correctivas y socioeducativas reales que incluyan la reparaci\u00f3n del da\u00f1o de la v\u00edctima, la suspensi\u00f3n temporal de los agresores conforme a la normatividad de la escuela y la obligaci\u00f3n de acudir a programas de sensibilizaci\u00f3n, responsabilidad y prevenci\u00f3n de la violencia, con la participaci\u00f3n de madres, padres o tutores\u00bb, a fin de que no se repitan hechos como este.<\/p>\n\n\n\n<p>Cruz Merl\u00edn expres\u00f3 su mas en\u00e9rgico rechazo a este acto de violencia que \u00abno solamente lastima el cuerpo sino que humilla y deja una marca emocional profunda en una persona en condici\u00f3n de vulnerabilidad\u00bb.&nbsp;<\/p>\n\n\n\n<p>Desde su experiencia, la diputada expres\u00f3 que \u00abvivir con talla baja en M\u00e9xico todav\u00eda significa enfrentar burlas, discriminaci\u00f3n y agresiones que muchas veces se normalizan\u00bb. Personas como ella y el adolescente agredido, dijo, han tenido que aprender a resistir \u00abmiradas, palabras y actos que no deber\u00edan existir en una sociedad que se dice incluyente\u00bb.&nbsp;<\/p>\n\n\n\n<p>La Coordinaci\u00f3n para la Atenci\u00f3n de los Derechos Humanos del estado de Oaxaca (CADH) inform\u00f3 este lunes que ya hay una denuncia penal e investigaci\u00f3n por la agresi\u00f3n f\u00edsica en contra del estudiante.<\/p>\n\n\n\n<p>Flor Estela Morales Hern\u00e1ndez, titular de la coordinaci\u00f3n, detall\u00f3 que la agresi\u00f3n por parte de unos estudiantes hacia el adolescente J. A. T. P. ocurri\u00f3 entre los meses de octubre y noviembre del 2025, de acuerdo con el v\u00eddeo del hecho y los datos proporcionados por la familia y el menor de edad.<\/p>\n\n\n\n<p>Adem\u00e1s de la denuncia penal, la coordinaci\u00f3n report\u00f3 que se ha acompa\u00f1ado a la familia y al adolescente para que tengan medidas de protecci\u00f3n y acceso a la justicia.<\/p>\n\n\n\n<p>\u00abNo se trata tampoco de satanizar a los estudiantes que le habr\u00edan golpeado sino de hacer \u00e9nfasis en que la familia y, sobre todo el adolescente, tiene acceso a la justicia\u00bb, enfatiz\u00f3 Morales Hern\u00e1ndez, al exponer que entre las personas con discapacidad las personas de talla baja son las m\u00e1s discriminadas y a quienes se les agrede con apodos, burlas y otras actitudes.<\/p>\n\n\n\n<p>La agresi\u00f3n tambi\u00e9n ha reabierto el debate sobre el acoso escolar o bullying en las escuelas de Oaxaca, un problema por el que la entidad ocupaba el cuarto lugar nacional en 2024, de acuerdo con la Defensor\u00eda de los Derechos Humanos del Pueblo de Oaxaca.<\/p>\n\n\n\n<p>En ese a\u00f1o se reportaron 34 casos de bullying escolar y hasta mayo de 2025 ya se hab\u00edan abierto 5 expedientes, dijo en ese entonces la secretaria ejecutiva de la Defensor\u00eda, Amanda Calipso Mej\u00eda.<\/p>\n","protected":false},"excerpt":{"rendered":"<p>Lisbeth Mej\u00eda Reyes\/Zona Roja. Oaxaca, Oax., a 15 de enero de 2026.- A propuesta de&hellip;<\/p>\n","protected":false},"author":2,"featured_media":89093,"comment_status":"closed","ping_status":"open","sticky":false,"template":"","format":"standard","meta":{"_lmt_disableupdate":"","_lmt_disable":"","_jetpack_memberships_contains_paid_content":false,"footnotes":""},"categories":[109,46],"tags":[4624],"class_list":["post-89092","post","type-post","status-publish","format-standard","has-post-thumbnail","hentry","category-minuto-a-minuto","category-zona-blanca","tag-cbtis-25-salina-cruz"],"jetpack_featured_media_url":"https:\/\/zonaroja.com.mx\/wp-content\/uploads\/2026\/01\/Diputada-Cecilia-Olivia-Cruz-Merlin.jpg","jetpack_sharing_enabled":true,"_links":{"self":[{"href":"https:\/\/zonaroja.com.mx\/index.php?rest_route=\/wp\/v2\/posts\/89092","targetHints":{"allow":["GET"]}}],"collection":[{"href":"https:\/\/zonaroja.com.mx\/index.php?rest_route=\/wp\/v2\/posts"}],"about":[{"href":"https:\/\/zonaroja.com.mx\/index.php?rest_route=\/wp\/v2\/types\/post"}],"author":[{"embeddable":true,"href":"https:\/\/zonaroja.com.mx\/index.php?rest_route=\/wp\/v2\/users\/2"}],"replies":[{"embeddable":true,"href":"https:\/\/zonaroja.com.mx\/index.php?rest_route=%2Fwp%2Fv2%2Fcomments&post=89092"}],"version-history":[{"count":1,"href":"https:\/\/zonaroja.com.mx\/index.php?rest_route=\/wp\/v2\/posts\/89092\/revisions"}],"predecessor-version":[{"id":89094,"href":"https:\/\/zonaroja.com.mx\/index.php?rest_route=\/wp\/v2\/posts\/89092\/revisions\/89094"}],"wp:featuredmedia":[{"embeddable":true,"href":"https:\/\/zonaroja.com.mx\/index.php?rest_route=\/wp\/v2\/media\/89093"}],"wp:attachment":[{"href":"https:\/\/zonaroja.com.mx\/index.php?rest_route=%2Fwp%2Fv2%2Fmedia&parent=89092"}],"wp:term":[{"taxonomy":"category","embeddable":true,"href":"https:\/\/zonaroja.com.mx\/index.php?rest_route=%2Fwp%2Fv2%2Fcategories&post=89092"},{"taxonomy":"post_tag","embeddable":true,"href":"https:\/\/zonaroja.com.mx\/index.php?rest_route=%2Fwp%2Fv2%2Ftags&post=89092"}],"curies":[{"name":"wp","href":"https:\/\/api.w.org\/{rel}","templated":true}]}}