{"id":89095,"date":"2026-01-15T11:15:00","date_gmt":"2026-01-15T17:15:00","guid":{"rendered":"https:\/\/zonaroja.com.mx\/?p=89095"},"modified":"2026-01-15T07:56:09","modified_gmt":"2026-01-15T13:56:09","slug":"mexicanos-culpan-a-hijo-de-amlo-del-descarrilamiento-del-tren-interoceanico","status":"publish","type":"post","link":"https:\/\/zonaroja.com.mx\/?p=89095","title":{"rendered":"Mexicanos culpan a hijo de AMLO del descarrilamiento del Tren Interoce\u00e1nico"},"content":{"rendered":"\n<p>Redacci\u00f3n\/Zona Roja Cdmx.<\/p>\n\n\n\n<p>(Informaci\u00f3n de Pol\u00edtico.Mx)<\/p>\n\n\n\n<p>Ciudad de M\u00e9xico, a 15 de enero de 2026.- Una reciente encuesta de M\u00e9xico Elige revel\u00f3 que la mayor\u00eda de los mexicanos consideraron que Gonzalo L\u00f3pez Beltr\u00e1n, tambi\u00e9n conocido como \u201cBobby\u201c, hijo del expresidente Andr\u00e9s Manuel L\u00f3pez Obrador es responsable del descarrilamiento del Tren Interoce\u00e1nico.<\/p>\n\n\n\n<p>El accidente ocurri\u00f3 en Oaxaca el 28 de diciembre de 2025 cuando un tren que viajaba hac\u00eda Veracruz, con 241 pasajeros y nueve tripulantes a bordo, se descarril\u00f3 dejando un saldo de 14 personas fallecidas y m\u00e1s de 100 heridos.<\/p>\n\n\n\n<p>En 2024 \u201cBobby\u00bb se desempe\u00f1\u00f3 como asesor honorario en las obras del Tren Interoce\u00e1nico y el Tren Maya, cargo que fue confirmado por el entonces presidente L\u00f3pez Obrador en julio de 2024.<\/p>\n\n\n\n<p>\u201cGonzalo no est\u00e1 metido en la cuesti\u00f3n pol\u00edtica, Gonzalo ha ayudado como honor\u00edfico en el interoce\u00e1nico pero no cobra y no va a trabajar en el gobierno, cuando me dijo eso me sent\u00ed content\u00edsimo\u201d, apunt\u00f3 L\u00f3pez Obrador en 2024.<\/p>\n\n\n\n<p>La encuesta les cuestiona a los participantes si consideran que tiene alguna responsabilidad con el incidente, a lo que un 55.7% dijo que s\u00ed.<\/p>\n\n\n\n<p>En contraste, el 32.9% dijo que no, mientras que un 11.4% respondi\u00f3 que no sab\u00eda.<\/p>\n\n\n\n<p>SOBRINO DE AMLO<\/p>\n\n\n\n<p>De igual manera, la encuesta arroj\u00f3 que el 57.6% de los participantes consider\u00f3 que Pedro Salazar Beltr\u00e1n, sobrino del expresidente, tambi\u00e9n tiene responsabilidad en el descarrilamiento.<\/p>\n\n\n\n<p>Salazar Beltr\u00e1n es se\u00f1alado por su presunta vinculaci\u00f3n con una red de negocios denominada \u201cEl Clan\u201d. Adem\u00e1s por haber confesado la entrega de balasto de mala calidad para el proyecto ferroviario.<\/p>\n\n\n\n<p>El medio Latinus revel\u00f3 un video donde Salazar Beltr\u00e1n y el empresario Am\u00edlcar Ol\u00e1n discuten el pago de \u201cmochadas\u201d a laboratorios encargados de certificar la calidad del balasto. En la grabaci\u00f3n, Ol\u00e1n expres\u00f3 en aquella ocasi\u00f3n: \u201cya cuando se descarrile el tren, ya va a ser otro pedo\u201d.<\/p>\n\n\n\n<p>De acuerdo con la encuesta, el 46.7% de las personas encuestadas manifest\u00f3 desconfianza hacia el gobierno de M\u00e9xico respecto a las investigaciones del caso.<\/p>\n\n\n\n<p>Al momento, la Fiscal\u00eda General de la Rep\u00fablica (FGR) mantiene en su poder la \u201ccaja negra\u201d del tren para llevar a cabo los peritajes t\u00e9cnicos correspondientes. Por su parte, Sheinbaum ha solicitado p\u00fablicamente a la fiscal\u00eda que acelere la entrega de los dict\u00e1menes finales.<\/p>\n","protected":false},"excerpt":{"rendered":"<p>Redacci\u00f3n\/Zona Roja Cdmx. (Informaci\u00f3n de Pol\u00edtico.Mx) Ciudad de M\u00e9xico, a 15 de enero de 2026.-&hellip;<\/p>\n","protected":false},"author":2,"featured_media":70169,"comment_status":"closed","ping_status":"open","sticky":false,"template":"","format":"standard","meta":{"_lmt_disableupdate":"","_lmt_disable":"","_jetpack_memberships_contains_paid_content":false,"footnotes":""},"categories":[109,46],"tags":[4607,3994],"class_list":["post-89095","post","type-post","status-publish","format-standard","has-post-thumbnail","hentry","category-minuto-a-minuto","category-zona-blanca","tag-descarrila-tren-interoceanico","tag-gonzalo-lopez-beltran"],"jetpack_featured_media_url":"https:\/\/zonaroja.com.mx\/wp-content\/uploads\/2024\/07\/Gonzalo-Lopez-Beltran.avif","jetpack_sharing_enabled":true,"_links":{"self":[{"href":"https:\/\/zonaroja.com.mx\/index.php?rest_route=\/wp\/v2\/posts\/89095","targetHints":{"allow":["GET"]}}],"collection":[{"href":"https:\/\/zonaroja.com.mx\/index.php?rest_route=\/wp\/v2\/posts"}],"about":[{"href":"https:\/\/zonaroja.com.mx\/index.php?rest_route=\/wp\/v2\/types\/post"}],"author":[{"embeddable":true,"href":"https:\/\/zonaroja.com.mx\/index.php?rest_route=\/wp\/v2\/users\/2"}],"replies":[{"embeddable":true,"href":"https:\/\/zonaroja.com.mx\/index.php?rest_route=%2Fwp%2Fv2%2Fcomments&post=89095"}],"version-history":[{"count":1,"href":"https:\/\/zonaroja.com.mx\/index.php?rest_route=\/wp\/v2\/posts\/89095\/revisions"}],"predecessor-version":[{"id":89096,"href":"https:\/\/zonaroja.com.mx\/index.php?rest_route=\/wp\/v2\/posts\/89095\/revisions\/89096"}],"wp:featuredmedia":[{"embeddable":true,"href":"https:\/\/zonaroja.com.mx\/index.php?rest_route=\/wp\/v2\/media\/70169"}],"wp:attachment":[{"href":"https:\/\/zonaroja.com.mx\/index.php?rest_route=%2Fwp%2Fv2%2Fmedia&parent=89095"}],"wp:term":[{"taxonomy":"category","embeddable":true,"href":"https:\/\/zonaroja.com.mx\/index.php?rest_route=%2Fwp%2Fv2%2Fcategories&post=89095"},{"taxonomy":"post_tag","embeddable":true,"href":"https:\/\/zonaroja.com.mx\/index.php?rest_route=%2Fwp%2Fv2%2Ftags&post=89095"}],"curies":[{"name":"wp","href":"https:\/\/api.w.org\/{rel}","templated":true}]}}