{"id":89097,"date":"2026-01-15T12:15:00","date_gmt":"2026-01-15T18:15:00","guid":{"rendered":"https:\/\/zonaroja.com.mx\/?p=89097"},"modified":"2026-01-15T08:02:13","modified_gmt":"2026-01-15T14:02:13","slug":"detienen-a-presunto-homicida-en-la-ciudad-de-oaxaca","status":"publish","type":"post","link":"https:\/\/zonaroja.com.mx\/?p=89097","title":{"rendered":"Detienen a presunto homicida en la ciudad de Oaxaca"},"content":{"rendered":"\n<p>Redacci\u00f3n\/Zona Roja.<\/p>\n\n\n\n<p>Oaxaca, Oax. a 15 de enero de 2026.- &nbsp;La Fiscal\u00eda General del Estado de Oaxaca (FGEO) ejecut\u00f3 una orden de aprehensi\u00f3n en contra de L.A.A.R., alias \u201cEl Cuche\u201d o \u201cCuchito\u201d, como probable responsable del delito de Homicidio Calificado con Ventaja, hechos ocurridos en la colonia Siete Regiones del municipio de Oaxaca de Ju\u00e1rez.<\/p>\n\n\n\n<p>De acuerdo con la carpeta de investigaci\u00f3n los hechos ocurrieron el&nbsp; 6 de mayo de 2025,&nbsp; cuando la v\u00edctima junto con otra persona caminaban sobre la calle Puerto Escondido, en la colonia Siete Regiones, perteneciente al municipio de Oaxaca de Ju\u00e1rez, cuando fueron alcanzados por una motocicleta en la que viajaban dos personas, cuando una de ellas realiz\u00f3 disparos de arma de fuego lo que provoc\u00f3 lesiones a la v\u00edctima a consecuencia de las cuales perdi\u00f3 la vida.<\/p>\n\n\n\n<p>Derivado de las primeras investigaciones, la FGEO a trav\u00e9s de la Fiscal\u00eda Especializada en Delitos de Alto Impacto realiz\u00f3 la detenci\u00f3n de L.A.A.R., alias \u201cEl Cuche\u201d o \u201cCuchito\u201d, por el delito de homicidio calificado con ventaja, quien fue puesto a disposici\u00f3n de la autoridad ministerial para definir su situaci\u00f3n jur\u00eddica, esto como parte de las acciones permanentes de procuraci\u00f3n de justicia.<\/p>\n\n\n\n<p>OTRO HOMICIDA<\/p>\n\n\n\n<p>En otro caso, la Fiscal\u00eda General dio cumplimiento a una orden de aprehensi\u00f3n en contra de una persona del sexo masculino, identificada como S. L. T., por el delito de Homicidio Calificado con Ventaja, en agravio de quien en vida respondi\u00f3 a las iniciales O. L. M., hechos cometidos en la regi\u00f3n de la Costa.<\/p>\n\n\n\n<p>Conforme a lo establecido en el expediente penal del caso, los hechos ocurrieron la madrugada del 28 de diciembre de 2025 en un domicilio particular de la poblaci\u00f3n de El Ciruelo, perteneciente a Santiago Pinotepa Nacional.<\/p>\n\n\n\n<p>Las investigaciones ministeriales establecen que, mientras conviv\u00edan, el agresor atac\u00f3 a la v\u00edctima con un arma corto contundente (machete), provocando lesiones que le causaron que perdiera la vida de manera inmediata.<\/p>\n\n\n\n<p>Una vez que la FGEO tom\u00f3 conocimiento del caso inici\u00f3 las investigaciones ministeriales a trav\u00e9s de la Vicefiscal\u00eda Regional de la Costa, logrando obtener los elementos de prueba necesarios para solicitar el mandato judicial correspondiente ante el Juzgado de Control.<\/p>\n\n\n\n<p>Tras ser localizado, S L.T., fue detenido por elementos de la Agencia Estatal de Investigaciones (AEI) en operativo efectuado junto con la Secretar\u00eda de la Defensa Nacional (DEFENSA), Guardia Nacional (GN), Secretar\u00eda de Marina, Polic\u00eda Estatal y Polic\u00eda Vial Estatal cuando se encontraba sobre la carretera federal 200, a la altura de la colonia Aviaci\u00f3n en Pinotepa Nacional.<\/p>\n\n\n\n<p>Posteriormente, S L.T., fue puesto a disposici\u00f3n del Agente del Ministerio P\u00fablico de Alto Impacto para que se determine su situaci\u00f3n jur\u00eddica.<\/p>\n","protected":false},"excerpt":{"rendered":"<p>Redacci\u00f3n\/Zona Roja. Oaxaca, Oax. a 15 de enero de 2026.- &nbsp;La Fiscal\u00eda General del Estado&hellip;<\/p>\n","protected":false},"author":2,"featured_media":89098,"comment_status":"closed","ping_status":"open","sticky":false,"template":"","format":"standard","meta":{"_lmt_disableupdate":"","_lmt_disable":"","_jetpack_memberships_contains_paid_content":false,"footnotes":""},"categories":[109,46],"tags":[494],"class_list":["post-89097","post","type-post","status-publish","format-standard","has-post-thumbnail","hentry","category-minuto-a-minuto","category-zona-blanca","tag-fiscalia-general-del-estado-de-oaxaca"],"jetpack_featured_media_url":"https:\/\/zonaroja.com.mx\/wp-content\/uploads\/2026\/01\/Detenido-homicida-colonia-Siete-Regiones-ciudad-de-Oaxaca.jpg","jetpack_sharing_enabled":true,"_links":{"self":[{"href":"https:\/\/zonaroja.com.mx\/index.php?rest_route=\/wp\/v2\/posts\/89097","targetHints":{"allow":["GET"]}}],"collection":[{"href":"https:\/\/zonaroja.com.mx\/index.php?rest_route=\/wp\/v2\/posts"}],"about":[{"href":"https:\/\/zonaroja.com.mx\/index.php?rest_route=\/wp\/v2\/types\/post"}],"author":[{"embeddable":true,"href":"https:\/\/zonaroja.com.mx\/index.php?rest_route=\/wp\/v2\/users\/2"}],"replies":[{"embeddable":true,"href":"https:\/\/zonaroja.com.mx\/index.php?rest_route=%2Fwp%2Fv2%2Fcomments&post=89097"}],"version-history":[{"count":1,"href":"https:\/\/zonaroja.com.mx\/index.php?rest_route=\/wp\/v2\/posts\/89097\/revisions"}],"predecessor-version":[{"id":89099,"href":"https:\/\/zonaroja.com.mx\/index.php?rest_route=\/wp\/v2\/posts\/89097\/revisions\/89099"}],"wp:featuredmedia":[{"embeddable":true,"href":"https:\/\/zonaroja.com.mx\/index.php?rest_route=\/wp\/v2\/media\/89098"}],"wp:attachment":[{"href":"https:\/\/zonaroja.com.mx\/index.php?rest_route=%2Fwp%2Fv2%2Fmedia&parent=89097"}],"wp:term":[{"taxonomy":"category","embeddable":true,"href":"https:\/\/zonaroja.com.mx\/index.php?rest_route=%2Fwp%2Fv2%2Fcategories&post=89097"},{"taxonomy":"post_tag","embeddable":true,"href":"https:\/\/zonaroja.com.mx\/index.php?rest_route=%2Fwp%2Fv2%2Ftags&post=89097"}],"curies":[{"name":"wp","href":"https:\/\/api.w.org\/{rel}","templated":true}]}}