{"id":89103,"date":"2026-01-15T13:30:00","date_gmt":"2026-01-15T19:30:00","guid":{"rendered":"https:\/\/zonaroja.com.mx\/?p=89103"},"modified":"2026-01-15T09:33:43","modified_gmt":"2026-01-15T15:33:43","slug":"alcalde-de-minneapolis-critica-violencia-de-ice-contra-migrantes","status":"publish","type":"post","link":"https:\/\/zonaroja.com.mx\/?p=89103","title":{"rendered":"Alcalde de Minneapolis critica violencia de ICE contra migrantes"},"content":{"rendered":"\n<p>Redacci\u00f3n\/Zona Roja.<\/p>\n\n\n\n<p>(Informaci\u00f3n de Uno Tv)<\/p>\n\n\n\n<p>Ciudad de M\u00e9xico, a 15 de enero de 2026.- El alcalde de Minneapolis, Jacob Frey, lanz\u00f3 duras cr\u00edticas contra el Servicio de Inmigraci\u00f3n y Control de Aduanas (ICE) luego de que un ciudadano venezolano resultara herido por un disparo durante una redada federal de inmigraci\u00f3n la noche del mi\u00e9rcoles 14 de enero, informaron autoridades locales.<\/p>\n\n\n\n<p>El hecho desat\u00f3 protestas en la zona y qued\u00f3 registrado en videos que circulan en redes sociales, donde se observa la reacci\u00f3n de manifestantes y el despliegue policial tras el operativo. El incidente ocurre en un contexto de alta tensi\u00f3n por recientes operativos migratorios en la ciudad.<\/p>\n\n\n\n<p>Durante una conferencia de prensa, el alcalde Jacob Frey calific\u00f3 la conducta de ICE como \u201crepugnante e intolerable\u201d, al referirse al uso de la fuerza en el operativo que termin\u00f3 con una persona herida. El edil pidi\u00f3 calma a la poblaci\u00f3n y exhort\u00f3 a los manifestantes a no caer en provocaciones.<\/p>\n\n\n\n<p>No podemos contrarrestar el caos de Donald Trump con nuestra propia marca de caos\u201d, dijo Frey.<\/p>\n\n\n\n<p>El jefe de la polic\u00eda de Minneapolis, Brian O\u2019Hara, explic\u00f3 que el hombre herido recibi\u00f3 el disparo \u201cdespu\u00e9s de una lucha con un agente federal\u201d y que fue hospitalizado. De acuerdo con el funcionario, otras dos personas fueron arrestadas tras una emboscada contra el oficial involucrado en el operativo.<\/p>\n\n\n\n<p>O\u2019Hara tambi\u00e9n se\u00f1al\u00f3 que, durante las protestas, una multitud cometi\u00f3 actos ilegales, incluyendo el lanzamiento de fuegos artificiales contra la polic\u00eda, lo que oblig\u00f3 a reforzar la seguridad en el \u00e1rea.<\/p>\n\n\n\n<p>El tiroteo ocurre una semana despu\u00e9s de que un agente de ICE dispar\u00f3 fatalmente a una mujer de 37 a\u00f1os, Renee Good, hecho que increment\u00f3 la tensi\u00f3n social y las cr\u00edticas a las redadas de deportaci\u00f3n impulsadas por el gobierno de Trump.<\/p>\n\n\n\n<p>Las autoridades locales insistieron en que continuar\u00e1n informando sobre el caso conforme avancen las investigaciones, mientras el alcalde reiter\u00f3 su llamado a mantener protestas pac\u00edficas y evitar enfrentamientos.<\/p>\n","protected":false},"excerpt":{"rendered":"<p>Redacci\u00f3n\/Zona Roja. (Informaci\u00f3n de Uno Tv) Ciudad de M\u00e9xico, a 15 de enero de 2026.-&hellip;<\/p>\n","protected":false},"author":2,"featured_media":89104,"comment_status":"closed","ping_status":"open","sticky":false,"template":"","format":"standard","meta":{"_lmt_disableupdate":"","_lmt_disable":"","_jetpack_memberships_contains_paid_content":false,"footnotes":""},"categories":[109,47],"tags":[],"class_list":["post-89103","post","type-post","status-publish","format-standard","has-post-thumbnail","hentry","category-minuto-a-minuto","category-zona-gris"],"jetpack_featured_media_url":"https:\/\/zonaroja.com.mx\/wp-content\/uploads\/2026\/01\/ICE-migrantes-Estados-Unidos.jpg","jetpack_sharing_enabled":true,"_links":{"self":[{"href":"https:\/\/zonaroja.com.mx\/index.php?rest_route=\/wp\/v2\/posts\/89103","targetHints":{"allow":["GET"]}}],"collection":[{"href":"https:\/\/zonaroja.com.mx\/index.php?rest_route=\/wp\/v2\/posts"}],"about":[{"href":"https:\/\/zonaroja.com.mx\/index.php?rest_route=\/wp\/v2\/types\/post"}],"author":[{"embeddable":true,"href":"https:\/\/zonaroja.com.mx\/index.php?rest_route=\/wp\/v2\/users\/2"}],"replies":[{"embeddable":true,"href":"https:\/\/zonaroja.com.mx\/index.php?rest_route=%2Fwp%2Fv2%2Fcomments&post=89103"}],"version-history":[{"count":1,"href":"https:\/\/zonaroja.com.mx\/index.php?rest_route=\/wp\/v2\/posts\/89103\/revisions"}],"predecessor-version":[{"id":89105,"href":"https:\/\/zonaroja.com.mx\/index.php?rest_route=\/wp\/v2\/posts\/89103\/revisions\/89105"}],"wp:featuredmedia":[{"embeddable":true,"href":"https:\/\/zonaroja.com.mx\/index.php?rest_route=\/wp\/v2\/media\/89104"}],"wp:attachment":[{"href":"https:\/\/zonaroja.com.mx\/index.php?rest_route=%2Fwp%2Fv2%2Fmedia&parent=89103"}],"wp:term":[{"taxonomy":"category","embeddable":true,"href":"https:\/\/zonaroja.com.mx\/index.php?rest_route=%2Fwp%2Fv2%2Fcategories&post=89103"},{"taxonomy":"post_tag","embeddable":true,"href":"https:\/\/zonaroja.com.mx\/index.php?rest_route=%2Fwp%2Fv2%2Ftags&post=89103"}],"curies":[{"name":"wp","href":"https:\/\/api.w.org\/{rel}","templated":true}]}}