{"id":89106,"date":"2026-01-15T18:42:11","date_gmt":"2026-01-16T00:42:11","guid":{"rendered":"https:\/\/zonaroja.com.mx\/?p=89106"},"modified":"2026-01-15T18:42:14","modified_gmt":"2026-01-16T00:42:14","slug":"sube-a-tres-los-muertos-de-chapulapa-indagan-negligencia-de-chofer","status":"publish","type":"post","link":"https:\/\/zonaroja.com.mx\/?p=89106","title":{"rendered":"Sube a tres los muertos de Chapulapa; indagan negligencia de chofer\u00a0"},"content":{"rendered":"\n<p>Raymundo Morales\/Zona Roja.<\/p>\n\n\n\n<p>Oaxaca, Oax., a 15 de enero de 2026.- A tres aument\u00f3 el n\u00famero de personas fallecidas en la zona Mazateca de Oaxaca, tras un accidente vehicular ocurrido ayer por la tarde.<\/p>\n\n\n\n<p>Las v\u00edctimas fueron identificadas como Celestino Avenda\u00f1o Zaraut, agente municipal de Santo Tom\u00e1s Chapulapa, y Efr\u00e9n Castillo, as\u00ed como una mujer de nombre Guillermina Cid Flores.&nbsp;<\/p>\n\n\n\n<p>El accidente vial ocurri\u00f3 ayer mi\u00e9rcoles por la tarde en un camino de terracer\u00eda de la comunidad de San Alejo El Progreso, municipio de San Francisco Chapulapa, donde adem\u00e1s hubo al menos diez personas lesionadas.<\/p>\n\n\n\n<p>De acuerdo con informaci\u00f3n preliminar, se investiga al chofer de la unidad de pasaje por el delito de homicidio culposo, ya que seg\u00fan testigos, la volcadura habr\u00eda sido provocada por manejar bajo el presunto consumo de sustancias il\u00edcitas y bebidas alcoh\u00f3licas, ocasionando la p\u00e9rdida de control de la unidad. Las causas exactas y responsabilidades ser\u00e1n determinadas por las autoridades competentes de la Fiscal\u00eda General del Estado de Oaxaca.<\/p>\n\n\n\n<p>A trav\u00e9s de &nbsp;un comunicado del Gobierno del Estado se precis\u00f3 que las &nbsp;personas lesionadas fueron trasladadas al Hospital General \u201cAlberto Vargas Merino\u201d de Cuicatl\u00e1n para recibir atenci\u00f3n m\u00e9dica, algunas de ellas con lesiones de consideraci\u00f3n.&nbsp;<\/p>\n\n\n\n<p>Habitantes de la zona participaron de manera solidaria en las labores de auxilio, realizando los primeros rescates y traslados de emergencia mientras arribaban los servicios correspondientes.<\/p>\n\n\n\n<p>Las autoridades contin\u00faan con las investigaciones para esclarecer los hechos y deslindar responsabilidades conforme a la ley.<\/p>\n","protected":false},"excerpt":{"rendered":"<p>Raymundo Morales\/Zona Roja. Oaxaca, Oax., a 15 de enero de 2026.- A tres aument\u00f3 el&hellip;<\/p>\n","protected":false},"author":2,"featured_media":89107,"comment_status":"closed","ping_status":"open","sticky":false,"template":"","format":"standard","meta":{"_lmt_disableupdate":"","_lmt_disable":"","_jetpack_memberships_contains_paid_content":false,"footnotes":""},"categories":[109,47],"tags":[2835],"class_list":["post-89106","post","type-post","status-publish","format-standard","has-post-thumbnail","hentry","category-minuto-a-minuto","category-zona-gris","tag-san-francisco-chapulapa"],"jetpack_featured_media_url":"https:\/\/zonaroja.com.mx\/wp-content\/uploads\/2026\/01\/Muertos-accidente-Chapulapa.jpg","jetpack_sharing_enabled":true,"_links":{"self":[{"href":"https:\/\/zonaroja.com.mx\/index.php?rest_route=\/wp\/v2\/posts\/89106","targetHints":{"allow":["GET"]}}],"collection":[{"href":"https:\/\/zonaroja.com.mx\/index.php?rest_route=\/wp\/v2\/posts"}],"about":[{"href":"https:\/\/zonaroja.com.mx\/index.php?rest_route=\/wp\/v2\/types\/post"}],"author":[{"embeddable":true,"href":"https:\/\/zonaroja.com.mx\/index.php?rest_route=\/wp\/v2\/users\/2"}],"replies":[{"embeddable":true,"href":"https:\/\/zonaroja.com.mx\/index.php?rest_route=%2Fwp%2Fv2%2Fcomments&post=89106"}],"version-history":[{"count":1,"href":"https:\/\/zonaroja.com.mx\/index.php?rest_route=\/wp\/v2\/posts\/89106\/revisions"}],"predecessor-version":[{"id":89108,"href":"https:\/\/zonaroja.com.mx\/index.php?rest_route=\/wp\/v2\/posts\/89106\/revisions\/89108"}],"wp:featuredmedia":[{"embeddable":true,"href":"https:\/\/zonaroja.com.mx\/index.php?rest_route=\/wp\/v2\/media\/89107"}],"wp:attachment":[{"href":"https:\/\/zonaroja.com.mx\/index.php?rest_route=%2Fwp%2Fv2%2Fmedia&parent=89106"}],"wp:term":[{"taxonomy":"category","embeddable":true,"href":"https:\/\/zonaroja.com.mx\/index.php?rest_route=%2Fwp%2Fv2%2Fcategories&post=89106"},{"taxonomy":"post_tag","embeddable":true,"href":"https:\/\/zonaroja.com.mx\/index.php?rest_route=%2Fwp%2Fv2%2Ftags&post=89106"}],"curies":[{"name":"wp","href":"https:\/\/api.w.org\/{rel}","templated":true}]}}