{"id":89109,"date":"2026-01-15T20:34:04","date_gmt":"2026-01-16T02:34:04","guid":{"rendered":"https:\/\/zonaroja.com.mx\/?p=89109"},"modified":"2026-01-15T20:34:05","modified_gmt":"2026-01-16T02:34:05","slug":"habia-huido-a-la-costa-presunto-asesino-de-mujer-en-oaxaca-ya-lo-detuvieron","status":"publish","type":"post","link":"https:\/\/zonaroja.com.mx\/?p=89109","title":{"rendered":"Hab\u00eda huido a la Costa presunto asesino de mujer en Oaxaca; ya lo detuvieron"},"content":{"rendered":"\n<p>Ismael Garc\u00eda M.\/Zona Roja.<\/p>\n\n\n\n<p>Oaxaca, Oax., a 15 de enero de 2024.- En jurisdicci\u00f3n San Pedro Mixtepec, regi\u00f3n de la Costa, fue localizado el individuo que presuntamente asesin\u00f3 a una mujer ayer en un local comercial del centro de la ciudad de Oaxaca.<\/p>\n\n\n\n<p>Poco despu\u00e9s del mediod\u00eda, sin revelar m\u00e1s detalles, el fiscal General del Estado de Oaxaca, Bernardo Rodr\u00edguez Alamilla, dio a conocer en sus redes sociales que se logr\u00f3 dar con el paradero y detener al probable autor del crimen.<\/p>\n\n\n\n<p>\u201cEn este momento, el detenido est\u00e1 siendo trasladado a la ciudad de Oaxaca, para iniciar con los procesos ministeriales\u201d.<\/p>\n\n\n\n<p>Fuentes extraoficiales establecieron que el individuo, tras cometer el crimen, huy\u00f3 con rumbo a una terminal de camionetas de transporte de pasajeros con rumbo a la Costa.<\/p>\n\n\n\n<p>Derivado del seguimiento por parte de la Fiscal\u00eda a trav\u00e9s de las c\u00e1maras de seguridad e indagatorias de la Agencia Estatal de Investigaciones (AEI) fue posible dar con el paradero y posterior captura.<\/p>\n\n\n\n<p>Ayer, minutos despu\u00e9s de las 11:00 horas, el sujeto ingres\u00f3 a la boutique \u201cSusel\u201d, en la tercera calle de Valerio Trujano, a tres cuadras del z\u00f3calo; tras asesinar a Rosa Mar\u00eda A. B., de 36 a\u00f1os de edad, huy\u00f3 a pie.<\/p>\n\n\n\n<p>En su momento, las autoridades estatales y ministeriales informaron que se activ\u00f3 el Mando Metropolitano, en que participan los tres niveles de gobierno, para realizar la b\u00fasqueda correspondiente.<\/p>\n","protected":false},"excerpt":{"rendered":"<p>Ismael Garc\u00eda M.\/Zona Roja. Oaxaca, Oax., a 15 de enero de 2024.- En jurisdicci\u00f3n San&hellip;<\/p>\n","protected":false},"author":2,"featured_media":89110,"comment_status":"closed","ping_status":"open","sticky":false,"template":"","format":"standard","meta":{"_lmt_disableupdate":"","_lmt_disable":"","_jetpack_memberships_contains_paid_content":false,"footnotes":""},"categories":[109,51],"tags":[],"class_list":["post-89109","post","type-post","status-publish","format-standard","has-post-thumbnail","hentry","category-minuto-a-minuto","category-zona-roja"],"jetpack_featured_media_url":"https:\/\/zonaroja.com.mx\/wp-content\/uploads\/2026\/01\/ASesino-centro-de-la-ciudad-de-Oaxaca.jpeg","jetpack_sharing_enabled":true,"_links":{"self":[{"href":"https:\/\/zonaroja.com.mx\/index.php?rest_route=\/wp\/v2\/posts\/89109","targetHints":{"allow":["GET"]}}],"collection":[{"href":"https:\/\/zonaroja.com.mx\/index.php?rest_route=\/wp\/v2\/posts"}],"about":[{"href":"https:\/\/zonaroja.com.mx\/index.php?rest_route=\/wp\/v2\/types\/post"}],"author":[{"embeddable":true,"href":"https:\/\/zonaroja.com.mx\/index.php?rest_route=\/wp\/v2\/users\/2"}],"replies":[{"embeddable":true,"href":"https:\/\/zonaroja.com.mx\/index.php?rest_route=%2Fwp%2Fv2%2Fcomments&post=89109"}],"version-history":[{"count":1,"href":"https:\/\/zonaroja.com.mx\/index.php?rest_route=\/wp\/v2\/posts\/89109\/revisions"}],"predecessor-version":[{"id":89111,"href":"https:\/\/zonaroja.com.mx\/index.php?rest_route=\/wp\/v2\/posts\/89109\/revisions\/89111"}],"wp:featuredmedia":[{"embeddable":true,"href":"https:\/\/zonaroja.com.mx\/index.php?rest_route=\/wp\/v2\/media\/89110"}],"wp:attachment":[{"href":"https:\/\/zonaroja.com.mx\/index.php?rest_route=%2Fwp%2Fv2%2Fmedia&parent=89109"}],"wp:term":[{"taxonomy":"category","embeddable":true,"href":"https:\/\/zonaroja.com.mx\/index.php?rest_route=%2Fwp%2Fv2%2Fcategories&post=89109"},{"taxonomy":"post_tag","embeddable":true,"href":"https:\/\/zonaroja.com.mx\/index.php?rest_route=%2Fwp%2Fv2%2Ftags&post=89109"}],"curies":[{"name":"wp","href":"https:\/\/api.w.org\/{rel}","templated":true}]}}