{"id":89118,"date":"2026-01-16T07:05:15","date_gmt":"2026-01-16T13:05:15","guid":{"rendered":"https:\/\/zonaroja.com.mx\/?p=89118"},"modified":"2026-01-16T07:05:17","modified_gmt":"2026-01-16T13:05:17","slug":"advierten-intento-legislativo-que-retrasara-la-paridad-de-genero-en-municipios","status":"publish","type":"post","link":"https:\/\/zonaroja.com.mx\/?p=89118","title":{"rendered":"Advierten intento legislativo que retrasar\u00e1 la paridad de g\u00e9nero en municipios\u00a0"},"content":{"rendered":"\n<p>Lisbeth Mej\u00eda Reyes\/Zona Roja.<\/p>\n\n\n\n<p>Oaxaca, Oax., a 16 de enero de 2026.- La abogada Flora Guti\u00e9rrez, fundadora e integrante de la Red de Abogadas Ind\u00edgenas (RAI), advirti\u00f3 de un nuevo intento legislativo con el que se retroceder\u00e1 en la paridad de g\u00e9nero en los 418 municipios de Oaxaca que se rigen por Sistemas Normativos Ind\u00edgenas (SNI). Esto a ra\u00edz de la iniciativa que present\u00f3 el pasado martes el diputado local Nicol\u00e1s Feria Romero (Morena) para modificar el Transitorio Tercero del Decreto 1511.<\/p>\n\n\n\n<p>Seg\u00fan el legislador, esta reforma establece un proceso gradual que iniciar\u00e1 \u00aben el pr\u00f3ximo proceso electivo, con la meta de alcanzar la paridad total en 2028\u00bb.<\/p>\n\n\n\n<p>Sin embargo, la especialista Flora Guti\u00e9rrez se\u00f1al\u00f3 que la iniciativa \u00abes sumamente regresiva, viola el principio de progresividad, el principio de paridad de g\u00e9nero, de igualdad y no discriminaci\u00f3n\u00bb.<\/p>\n\n\n\n<p>Como la abogada, la diputada federal Martha Araceli Cruz (Partido del Trabajo) se\u00f1al\u00f3 que el diputado pretende aplazar la paridad, lo que implica un retroceso en la lucha de las mujeres en el estado. Por ello pidi\u00f3 a la diputada presidenta de la Junta de Coordinaci\u00f3n Pol\u00edtica (Jucopo) de la 66 Legislatura, Tania Caballero, no permitir este atropello.<\/p>\n\n\n\n<p>A trav\u00e9s de sus redes sociales, ambas se\u00f1alaron que el diputado busca aplazar el cumplimiento de la paridad de g\u00e9nero hasta el 2028, cuando esta deb\u00eda de cumplirse desde el 2023.<\/p>\n\n\n\n<p>\u00abCuando le\u00ed el mensaje en redes pens\u00e9 que era para legislar en relaci\u00f3n con la paridad horizontal y vertical, checar sobre la alternancia de g\u00e9nero, para que haya m\u00e1s mujeres en cargos de mayor relevancia (presidencias, sindicaturas, hacienda, obras) &nbsp;y no seguir con la feminizaci\u00f3n de las regidur\u00edas, pero no, no es as\u00ed\u00bb, explic\u00f3 Flora Guti\u00e9rrez, al recordar que la iniciativa de Feria es similar al intento del 2022, cuando \u00abpretendieron volver paridad de manera gradual y que en marzo de 2023 la SCJN (Suprema Corte de Justicia de la Naci\u00f3n) la inv\u00e1lido y orden\u00f3 la reviviscencia de la reforma de 2020, donde fijaba como fecha de cumplimiento el a\u00f1o 2023\u00bb.<\/p>\n\n\n\n<p>De aprobarse la iniciativa, Guti\u00e9rrez advirti\u00f3 que en municipios que eligen a sus autoridades 1 a\u00f1o, a\u00f1o y medio y dos, no estar\u00edan obligados a cumplir.<\/p>\n\n\n\n<p>La diputada Martha Araceli Cruz reiter\u00f3 que la propuesta es \u00abregresiva y contraviene principios constitucionales fundamentales como la progresividad de los derechos, la igualdad sustantiva y la paridad de g\u00e9nero\u00bb. Asimismo, porque \u00abbusca normalizar la exclusi\u00f3n de las mujeres de los cargos de mayor toma de decisiones y perpetuar la feminizaci\u00f3n de las regidur\u00edas\u00bb.<\/p>\n\n\n\n<p>Tras el reciente proceso electoral en el que los municipios de Sistemas Normativos Ind\u00edgenas renovaron a sus autoridades, de las 409 elecciones concretadas solamente en 35 municipios tienen presidentas, de acuerdo con el Instituto Estatal Electoral y de Participaci\u00f3n Ciudadana de Oaxaca (IEEPCO).<\/p>\n\n\n\n<p>Tmbi\u00e9n se eligieron 64 s\u00edndicas y 1,249 regidoras. Esto da un total de 1,348 mujeres en cargos propietarios, de acuerdo con la consejera presidenta del IEEPCO, Elizabeth S\u00e1nchez Gonz\u00e1lez.<\/p>\n\n\n\n<p>En los cargos suplentes, la consejera presidenta detall\u00f3 que son 1,047 las mujeres electas: 55 como presidentas municipales, 75 como s\u00edndicas y 917 como regidoras.<\/p>\n","protected":false},"excerpt":{"rendered":"<p>Lisbeth Mej\u00eda Reyes\/Zona Roja. Oaxaca, Oax., a 16 de enero de 2026.- La abogada Flora&hellip;<\/p>\n","protected":false},"author":2,"featured_media":67161,"comment_status":"closed","ping_status":"open","sticky":false,"template":"","format":"standard","meta":{"_lmt_disableupdate":"","_lmt_disable":"","_jetpack_memberships_contains_paid_content":false,"footnotes":""},"categories":[109,47],"tags":[303],"class_list":["post-89118","post","type-post","status-publish","format-standard","has-post-thumbnail","hentry","category-minuto-a-minuto","category-zona-gris","tag-congreso-del-estado-de-oaxaca"],"jetpack_featured_media_url":"https:\/\/zonaroja.com.mx\/wp-content\/uploads\/2024\/04\/Indigenas-votos-asamblea.jpeg","jetpack_sharing_enabled":true,"_links":{"self":[{"href":"https:\/\/zonaroja.com.mx\/index.php?rest_route=\/wp\/v2\/posts\/89118","targetHints":{"allow":["GET"]}}],"collection":[{"href":"https:\/\/zonaroja.com.mx\/index.php?rest_route=\/wp\/v2\/posts"}],"about":[{"href":"https:\/\/zonaroja.com.mx\/index.php?rest_route=\/wp\/v2\/types\/post"}],"author":[{"embeddable":true,"href":"https:\/\/zonaroja.com.mx\/index.php?rest_route=\/wp\/v2\/users\/2"}],"replies":[{"embeddable":true,"href":"https:\/\/zonaroja.com.mx\/index.php?rest_route=%2Fwp%2Fv2%2Fcomments&post=89118"}],"version-history":[{"count":1,"href":"https:\/\/zonaroja.com.mx\/index.php?rest_route=\/wp\/v2\/posts\/89118\/revisions"}],"predecessor-version":[{"id":89119,"href":"https:\/\/zonaroja.com.mx\/index.php?rest_route=\/wp\/v2\/posts\/89118\/revisions\/89119"}],"wp:featuredmedia":[{"embeddable":true,"href":"https:\/\/zonaroja.com.mx\/index.php?rest_route=\/wp\/v2\/media\/67161"}],"wp:attachment":[{"href":"https:\/\/zonaroja.com.mx\/index.php?rest_route=%2Fwp%2Fv2%2Fmedia&parent=89118"}],"wp:term":[{"taxonomy":"category","embeddable":true,"href":"https:\/\/zonaroja.com.mx\/index.php?rest_route=%2Fwp%2Fv2%2Fcategories&post=89118"},{"taxonomy":"post_tag","embeddable":true,"href":"https:\/\/zonaroja.com.mx\/index.php?rest_route=%2Fwp%2Fv2%2Ftags&post=89118"}],"curies":[{"name":"wp","href":"https:\/\/api.w.org\/{rel}","templated":true}]}}