{"id":8914,"date":"2020-02-18T17:07:24","date_gmt":"2020-02-18T23:07:24","guid":{"rendered":"http:\/\/www.zonaroja.com.mx\/?p=8914"},"modified":"2020-02-18T17:07:26","modified_gmt":"2020-02-18T23:07:26","slug":"cinco-meses-despues-ofrece-fiscalia-1-mdp-por-paradero-de-vera-carrizal","status":"publish","type":"post","link":"https:\/\/zonaroja.com.mx\/?p=8914","title":{"rendered":"Cinco meses despu\u00e9s, ofrece Fiscal\u00eda 1 mdp por paradero de Vera Carrizal"},"content":{"rendered":"\n<p>Yuridiana Sosa\/Zona Roja.<\/p>\n\n\n\n<p>Oaxaca de Ju\u00e1rez, Oax., 18 de febrero\nde 2020.-&nbsp; A cinco meses del ataque con\n\u00e1cido contra Mar\u00eda Elena R\u00edos y ante la falta de capacidad institucional, la\nFiscal\u00eda General del Estado de Oaxaca pidi\u00f3 ayuda a la sociedad y anunci\u00f3 este\nmartes el ofrecimiento de hasta un mill\u00f3n de pesos como recompensa para quien d\u00e9\ninformaci\u00f3n \u00fatil para capturar a Juan Antonio Vera Carrizal, presunto autor\nintelectual de los hechos.<\/p>\n\n\n\n<p>Es hasta esta fecha cuando la Fiscal\u00eda\nde Oaxaca y el Juez de Control consideraron que existen los elementos\nsuficientes para determinar que el ex diputado local del PRI est\u00e1 implicado en\nel ataque, a pesar que desde el d\u00eda de la agresi\u00f3n, ocurrida el 9 de\nseptiembre, la dependencia tiene conocimiento de los hechos.<\/p>\n\n\n\n<p>En conferencia de prensa, el fiscal\nRub\u00e9n Vasconcelos M\u00e9ndez anunci\u00f3 la nueva estrategia de b\u00fasqueda, luego de tres\ncateos fallidos realizados en domicilios donde supuestamente se encontraba el\nautor intelectual.<\/p>\n\n\n\n<p>Vasconcelos M\u00e9ndez indic\u00f3 que no\nexisti\u00f3 dilaci\u00f3n en el caso, por el que incluso se pidi\u00f3 a la Interpol la\ncolaboraci\u00f3n para la emisi\u00f3n de una ficha roja en caso de que Juan Vera\nCarrizal intentara huir del pa\u00eds. Sin embargo, en el portal oficial de\nOrganizaci\u00f3n Internacional de Polic\u00eda Criminal, no existe dicho aviso rojo para\nfugitivos buscados.<\/p>\n\n\n\n<figure class=\"wp-block-embed-twitter wp-block-embed is-type-rich is-provider-twitter\"><div class=\"wp-block-embed__wrapper\">\n<div class=\"twitter-tweet\"><blockquote class=\"twitter-tweet\" data-lang=\"es\"><p lang=\"es\" dir=\"ltr\"><a href=\"https:\/\/twitter.com\/hashtag\/OaxacaGris?src=hash&amp;ref_src=twsrc%5Etfw\">#OaxacaGris<\/a><br>Ante la falta de capacidad para dar con el paradero de Juan Antonino Vera Carrizal, probable autor intelectual del ataque a Mar\u00eda Elena, el titular de <a href=\"https:\/\/twitter.com\/FISCALIA_GobOax?ref_src=twsrc%5Etfw\">@FISCALIA_GobOax<\/a>, <a href=\"https:\/\/twitter.com\/RVasconcelosM?ref_src=twsrc%5Etfw\">@RVasconcelosM<\/a>, pidi\u00f3 apoyo a la sociedad y anunci\u00f3 una recompensa hasta por 1 mdp, para hallarlo. <a href=\"https:\/\/t.co\/S3e1E6VGOw\">pic.twitter.com\/S3e1E6VGOw<\/a><\/p>&mdash; Zona Roja Oaxaca (@MexRoja) <a href=\"https:\/\/twitter.com\/MexRoja\/status\/1229873229004668929?ref_src=twsrc%5Etfw\">18 de febrero de 2020<\/a><\/blockquote><\/div>\n<\/div><\/figure>\n\n\n\n<p>OTROS IMPLICADOS<\/p>\n\n\n\n<p>Por el ataque a la saxofonista Mar\u00eda\nElena R\u00edos, el fiscal de Oaxaca anunci\u00f3 que existen otras dos personas que\nparticiparon en la agresi\u00f3n como intermediarios, lo que al final ser\u00edan cinco\nlas personas involucradas en el hecho.<\/p>\n\n\n\n<p>En diciembre se detuvieron a dos\nvarones que participaron como los autores materiales del ataque en Huajuapan de\nLe\u00f3n, pero el Juez de Control liber\u00f3 otras tres \u00f3rdenes de aprehensi\u00f3n con el\nautor intelectual y dos intermediarios de los que no se ofrecieron datos en la\nconferencia.<\/p>\n\n\n\n<p>Vasconcelos M\u00e9ndez anunci\u00f3 que se dar\u00e1\nm\u00e1xima difusi\u00f3n a la ficha de b\u00fasqueda, a trav\u00e9s de espectaculares y carteles a\nfin de dar con el paradero del empresario gasolinero \u201cpara que reciba la\nsanci\u00f3n que merece y evitar la impunidad\u201d.<\/p>\n\n\n\n<p>Por el delito de tentativa de\nfeminicidio, los implicados podr\u00edan recibir entre 20 y 40 a\u00f1os de prisi\u00f3n;\npero, en la investigaci\u00f3n del caso, dijo, se a\u00f1adir\u00e1n otros delitos como la\nviolaci\u00f3n a la intimidad sexual, ante la difusi\u00f3n de im\u00e1genes y audios de la\nv\u00edctima que dan cuenta de la relaci\u00f3n sentimental que sostuvo con Vera\nCarrizal.<\/p>\n","protected":false},"excerpt":{"rendered":"<p>Yuridiana Sosa\/Zona Roja. Oaxaca de Ju\u00e1rez, Oax., 18 de febrero de 2020.-&nbsp; A cinco meses&hellip;<\/p>\n","protected":false},"author":2,"featured_media":8915,"comment_status":"closed","ping_status":"open","sticky":false,"template":"","format":"standard","meta":{"_lmt_disableupdate":"","_lmt_disable":"","_jetpack_memberships_contains_paid_content":false,"footnotes":""},"categories":[109,47],"tags":[494,1144,1124],"class_list":["post-8914","post","type-post","status-publish","format-standard","has-post-thumbnail","hentry","category-minuto-a-minuto","category-zona-gris","tag-fiscalia-general-del-estado-de-oaxaca","tag-juan-antonio-vera-carrizal","tag-maria-elena-rios-ortiz"],"jetpack_featured_media_url":"https:\/\/zonaroja.com.mx\/wp-content\/uploads\/2020\/02\/IMG_0131.jpg","jetpack_sharing_enabled":true,"_links":{"self":[{"href":"https:\/\/zonaroja.com.mx\/index.php?rest_route=\/wp\/v2\/posts\/8914","targetHints":{"allow":["GET"]}}],"collection":[{"href":"https:\/\/zonaroja.com.mx\/index.php?rest_route=\/wp\/v2\/posts"}],"about":[{"href":"https:\/\/zonaroja.com.mx\/index.php?rest_route=\/wp\/v2\/types\/post"}],"author":[{"embeddable":true,"href":"https:\/\/zonaroja.com.mx\/index.php?rest_route=\/wp\/v2\/users\/2"}],"replies":[{"embeddable":true,"href":"https:\/\/zonaroja.com.mx\/index.php?rest_route=%2Fwp%2Fv2%2Fcomments&post=8914"}],"version-history":[{"count":1,"href":"https:\/\/zonaroja.com.mx\/index.php?rest_route=\/wp\/v2\/posts\/8914\/revisions"}],"predecessor-version":[{"id":8916,"href":"https:\/\/zonaroja.com.mx\/index.php?rest_route=\/wp\/v2\/posts\/8914\/revisions\/8916"}],"wp:featuredmedia":[{"embeddable":true,"href":"https:\/\/zonaroja.com.mx\/index.php?rest_route=\/wp\/v2\/media\/8915"}],"wp:attachment":[{"href":"https:\/\/zonaroja.com.mx\/index.php?rest_route=%2Fwp%2Fv2%2Fmedia&parent=8914"}],"wp:term":[{"taxonomy":"category","embeddable":true,"href":"https:\/\/zonaroja.com.mx\/index.php?rest_route=%2Fwp%2Fv2%2Fcategories&post=8914"},{"taxonomy":"post_tag","embeddable":true,"href":"https:\/\/zonaroja.com.mx\/index.php?rest_route=%2Fwp%2Fv2%2Ftags&post=8914"}],"curies":[{"name":"wp","href":"https:\/\/api.w.org\/{rel}","templated":true}]}}