{"id":89141,"date":"2026-01-16T18:59:22","date_gmt":"2026-01-17T00:59:22","guid":{"rendered":"https:\/\/zonaroja.com.mx\/?p=89141"},"modified":"2026-01-16T18:59:25","modified_gmt":"2026-01-17T00:59:25","slug":"camaras-privadas-y-no-del-c5i-claves-en-detencion-del-presunto-homicida-de-rosa-maria","status":"publish","type":"post","link":"https:\/\/zonaroja.com.mx\/?p=89141","title":{"rendered":"C\u00e1maras privadas, y no del C5i, claves en detenci\u00f3n del presunto homicida de Rosa Mar\u00eda"},"content":{"rendered":"\n<p>Lisbeth Mej\u00eda Reyes\/Zona Roja.<\/p>\n\n\n\n<p>Oaxaca, Oax., a 16 de enero de 2026.- Las c\u00e1maras de seguridad privada de negocios y no las del Centro de Comando, Control, Comunicaciones, C\u00f3mputo, Coordinaci\u00f3n e Inteligencia (C5i) fueron claves en la detenci\u00f3n del presunto homicida de la comerciante Rosa Mar\u00eda A. B., de aproximadamente 36 a\u00f1os de edad, privada de la vida el pasado 14 de enero en su boutique (Susel), en la calle Valerio Trujano, a tres cuadras del Palacio de Gobierno de la ciudad de Oaxaca.<\/p>\n\n\n\n<p>La revisi\u00f3n de una treintena de c\u00e1maras de videovigilancia de nueve negocios y domicilios permitieron seguir los pasos de Omar L. C., desde los momentos previos al asalto y presunto feminicidio hasta su hu\u00edda a la regi\u00f3n Costa, donde finalmente fue capturado este jueves, 36 horas despu\u00e9s, en San Pedro Mixtepec.<\/p>\n\n\n\n<p>A 48 horas del crimen que ha enlutado a una familia y dejado en la orfandad a los hijos de Rosy, como era conocida, el fiscal general de Oaxaca, Bernardo Rodr\u00edguez Alamilla, inform\u00f3 en conferencia de prensa el operativo y asegur\u00f3 que no se tolerar\u00e1 la impunidad, \u00aby menos cuando se trata de violencia contra las mujeres\u00bb.&nbsp;<\/p>\n\n\n\n<p>Sin embargo, aclar\u00f3 que aunque por protocolo toda muerte violenta de mujeres se indagan como feminicidio, hasta ahora el asesinato de Rosa (perpetrado con arma blanca) va por la l\u00ednea de homicidio relacionado con robo. Con Rosa son ya tres mujeres las que han sido privadas de la vida en lo que va del 2026 en Oaxaca.<\/p>\n\n\n\n<figure class=\"wp-block-embed is-type-rich is-provider-twitter wp-block-embed-twitter\"><div class=\"wp-block-embed__wrapper\">\n<div class=\"twitter-tweet\"><blockquote class=\"twitter-tweet\" data-lang=\"es\"><p lang=\"es\" dir=\"ltr\"><a href=\"https:\/\/twitter.com\/hashtag\/AlMomento?src=hash&amp;ref_src=twsrc%5Etfw\">#AlMomento<\/a> <br>As\u00ed fue la detenci\u00f3n de Omar L. C., en San Pedro Mixtepec, Oaxaca. <br>Est\u00e1 acusado del asesinato de una mujer en un local comercial del centro de la ciudad capital, el pasado mi\u00e9rcoles. <a href=\"https:\/\/t.co\/1OfbvgYU1O\">pic.twitter.com\/1OfbvgYU1O<\/a><\/p>&mdash; Zona Roja Oaxaca (@ZonaRoja_Oaxaca) <a href=\"https:\/\/twitter.com\/ZonaRoja_Oaxaca\/status\/2012200309745926301?ref_src=twsrc%5Etfw\">16 de enero de 2026<\/a><\/blockquote><\/div>\n<\/div><\/figure>\n\n\n\n<p>LA RUTA<\/p>\n\n\n\n<p>Todo comenz\u00f3 alrededor de la 10:00 horas del pasado mi\u00e9rcoles, cuando el originario de la regi\u00f3n Istmo de Tehuantepec se aproxim\u00f3 a la boutique de Rosa Mar\u00eda. El presunto homicidio ocurri\u00f3 aproximadamente a las 10:18 horas y alrededor de media hora despu\u00e9s el responsable ya estaba tomando la Urvan rumbo a Santa Catarina Juquila. En todo su recorrido no se logran observar polic\u00edas municipales ni estatales en la zona.<\/p>\n\n\n\n<p>De acuerdo con la cronolog\u00eda de los hechos, tras salir de la boutique Susel con algunos objetos, Omar (de 36 a\u00f1os de edad) ingres\u00f3 a las 10:26 a un estacionamiento de la calle D\u00edaz Ordaz; dos minutos despu\u00e9s, a las 10:28, sali\u00f3 nuevamente rumbo a la calle Valerio Trujano. A las 10:47 entr\u00f3 al hotel posada de \u201cLos \u00c1ngeles\u201d, donde llevaba hospedado aproximadamente siete u ocho d\u00edas. En ese sitio se cambi\u00f3 la ropa y las sandalias (que posteriormente le fueron encontradas) para salir rumbo a la terminal de Autotransporte de Pasaje y Turismo \u201cLa Divina Concepci\u00f3n\u201d, en la calle Galeana.&nbsp;<\/p>\n\n\n\n<p>Aproximadamente a las 10:57 abord\u00f3 la unidad rumbo a la Costa, donde a partir de su nombre y la obtenci\u00f3n de un n\u00famero telef\u00f3nico se le ubic\u00f3 en la comunidad de El Vidrio.<\/p>\n\n\n\n<p>Aunque se\u00f1al\u00f3 que el seguimiento implic\u00f3 varias horas de revisi\u00f3n de revisi\u00f3n y de cruce de informaci\u00f3n, el fiscal Rodr\u00edguez Alamilla reconoci\u00f3 que fueron las c\u00e1maras de videovigilancia de negocios y domicilios particulares las que permitieron robustecer la investigaci\u00f3n.<\/p>\n\n\n\n<p>Aclar\u00f3 tambi\u00e9n que tras la filtraci\u00f3n de im\u00e1genes por parte del municipio de una persona presuntamente relacionada con el homicidio de Rosa Mar\u00eda se trata de alguien distinto.&nbsp;<\/p>\n\n\n\n<p>Asimismo, explic\u00f3 que Omar L. C. ya tiene antecedentes penales en la regi\u00f3n del Istmo por los delitos de violencia familiar y robo, pero que hasta ahora no hab\u00eda pisado la c\u00e1rcel. Por el crimen en contra de Rosa, el fiscal se\u00f1al\u00f3 que se solicitar\u00e1 la pena m\u00e1xima de 30 y hasta 40 a\u00f1os.<\/p>\n\n\n\n<figure class=\"wp-block-embed is-type-rich is-provider-twitter wp-block-embed-twitter\"><div class=\"wp-block-embed__wrapper\">\n<div class=\"twitter-tweet\"><blockquote class=\"twitter-tweet\" data-lang=\"es\"><p lang=\"zxx\" dir=\"ltr\"><a href=\"https:\/\/t.co\/hxg11RYwYw\">https:\/\/t.co\/hxg11RYwYw<\/a><\/p>&mdash; Zona Roja Oaxaca (@ZonaRoja_Oaxaca) <a href=\"https:\/\/twitter.com\/ZonaRoja_Oaxaca\/status\/2012198222098296954?ref_src=twsrc%5Etfw\">16 de enero de 2026<\/a><\/blockquote><\/div>\n<\/div><\/figure>\n","protected":false},"excerpt":{"rendered":"<p>Lisbeth Mej\u00eda Reyes\/Zona Roja. Oaxaca, Oax., a 16 de enero de 2026.- Las c\u00e1maras de&hellip;<\/p>\n","protected":false},"author":2,"featured_media":89142,"comment_status":"closed","ping_status":"open","sticky":false,"template":"","format":"standard","meta":{"_lmt_disableupdate":"","_lmt_disable":"","_jetpack_memberships_contains_paid_content":false,"footnotes":""},"categories":[109,46,47],"tags":[494],"class_list":["post-89141","post","type-post","status-publish","format-standard","has-post-thumbnail","hentry","category-minuto-a-minuto","category-zona-blanca","category-zona-gris","tag-fiscalia-general-del-estado-de-oaxaca"],"jetpack_featured_media_url":"https:\/\/zonaroja.com.mx\/wp-content\/uploads\/2026\/01\/Omar-LC-asesino-de-mujer-centro-ciudad-de-Oaxaca.jpg","jetpack_sharing_enabled":true,"_links":{"self":[{"href":"https:\/\/zonaroja.com.mx\/index.php?rest_route=\/wp\/v2\/posts\/89141","targetHints":{"allow":["GET"]}}],"collection":[{"href":"https:\/\/zonaroja.com.mx\/index.php?rest_route=\/wp\/v2\/posts"}],"about":[{"href":"https:\/\/zonaroja.com.mx\/index.php?rest_route=\/wp\/v2\/types\/post"}],"author":[{"embeddable":true,"href":"https:\/\/zonaroja.com.mx\/index.php?rest_route=\/wp\/v2\/users\/2"}],"replies":[{"embeddable":true,"href":"https:\/\/zonaroja.com.mx\/index.php?rest_route=%2Fwp%2Fv2%2Fcomments&post=89141"}],"version-history":[{"count":1,"href":"https:\/\/zonaroja.com.mx\/index.php?rest_route=\/wp\/v2\/posts\/89141\/revisions"}],"predecessor-version":[{"id":89143,"href":"https:\/\/zonaroja.com.mx\/index.php?rest_route=\/wp\/v2\/posts\/89141\/revisions\/89143"}],"wp:featuredmedia":[{"embeddable":true,"href":"https:\/\/zonaroja.com.mx\/index.php?rest_route=\/wp\/v2\/media\/89142"}],"wp:attachment":[{"href":"https:\/\/zonaroja.com.mx\/index.php?rest_route=%2Fwp%2Fv2%2Fmedia&parent=89141"}],"wp:term":[{"taxonomy":"category","embeddable":true,"href":"https:\/\/zonaroja.com.mx\/index.php?rest_route=%2Fwp%2Fv2%2Fcategories&post=89141"},{"taxonomy":"post_tag","embeddable":true,"href":"https:\/\/zonaroja.com.mx\/index.php?rest_route=%2Fwp%2Fv2%2Ftags&post=89141"}],"curies":[{"name":"wp","href":"https:\/\/api.w.org\/{rel}","templated":true}]}}