{"id":89144,"date":"2026-01-16T20:03:04","date_gmt":"2026-01-17T02:03:04","guid":{"rendered":"https:\/\/zonaroja.com.mx\/?p=89144"},"modified":"2026-01-16T20:03:06","modified_gmt":"2026-01-17T02:03:06","slug":"estallan-protestas-educativas-en-uabjo-utvco-y-en-conafe","status":"publish","type":"post","link":"https:\/\/zonaroja.com.mx\/?p=89144","title":{"rendered":"Estallan protestas educativas, en UABJO, UTVCO y en Conafe"},"content":{"rendered":"\n<p>Lisbeth Mej\u00eda Reyes\/Zona Roja.<\/p>\n\n\n\n<p>Oaxaca, Oax., a 16 de enero de 2026.- Debido a la falta de pago de sus prestaciones laborales, a la falta de respuestas a sus demandas salariales y a causa de la precarizaci\u00f3n de su trabajo, este viernes estallaron al menos tres protestas de instituciones educativas y del Consejo Nacional de Fomento Educativo (Conafe) en el estado de Oaxaca.<\/p>\n\n\n\n<p>Desde temprana hora, como lo hab\u00edan advertido, integrantes del Sindicato de Trabajadores y Empleados de la Universidad Aut\u00f3noma \u201cBenito Ju\u00e1rez\u201d de Oaxaca (STEUABJO) pararon labores y bloquearon la avenida Universidad y el crucero de Cinco Se\u00f1ores de la capital oaxaque\u00f1a para exigir al rector Cristian Carre\u00f1o revisar su contrato colectivo de trabajo.<\/p>\n\n\n\n<p>Eulalia Cristina Gonz\u00e1lez Ramos, secretaria general del STEUABJO, detall\u00f3 que desde el 28 de noviembre emplazaron al rector para la revisi\u00f3n contractual y salarial de sus agremiados, as\u00ed como por las violaciones al contrato colectivo de trabajo.&nbsp;<\/p>\n\n\n\n<p>Sin embargo, hasta ahora no han tenido respuesta ni una mesa de negociaci\u00f3n, por lo que decidieron realizar un paro de 12 horas y bloqueos.<\/p>\n\n\n\n<p>Gonz\u00e1lez explic\u00f3 que la mayor\u00eda de sindicalizados percibe un salario por debajo del m\u00ednimo, por lo que este es uno de los principales puntos a revisar con el rector.<\/p>\n\n\n\n<p>Adem\u00e1s del STEUABJO, trabajadores de la Universidad Tecnol\u00f3gica de los Valles Centrales de Oaxaca (UTVCO), en San Pablo Huixtepec, iniciaron un paro de labores de 48 horas ante la falta de pago del retroactivo del incremento salarial del 2025.&nbsp;<\/p>\n\n\n\n<p>A trav\u00e9s de un video previo a la protesta, explicaron que es inaceptable que les hayan informado que \u00abprobablemente\u00bb el 23 de enero les paguen ese adeudo.<\/p>\n\n\n\n<p>\u00abEs un recurso que nos merecemos como trabajador y no tendr\u00edamos por qu\u00e9 rogar o pedir como limosna que nos est\u00e9n pagando. Es algo que ya realizamos y es una obligaci\u00f3n del rector (Sa\u00fal del Toro Zapi\u00e9n) pagar el retroactivo\u00bb, externaron, adem\u00e1s de advertir que la protesta podr\u00eda ser indefinida.<\/p>\n\n\n\n<p>Como parte de la protesta nacional de educadores comunitarios del Consejo Nacional de Fomento Educativo (Conafe), este viernes tambi\u00e9n se registr\u00f3 una manifestaci\u00f3n por parte de educadores de Oaxaca en la carretera federal 200, en Pinotepa Nacional, regi\u00f3n costa.<\/p>\n\n\n\n<p>La manifestaci\u00f3n es para exigir al gobierno federal aumento del apoyo econ\u00f3mico, seguridad social y condiciones de seguridad para ejercer su labor en las comunidades. Como en Oaxaca, est\u00e1 protesta de brazos ca\u00eddos e incluso de bloqueos se ha registrado en Guerrero, Puebla, Chiapas, Veracruz, entre otras entidades.<\/p>\n","protected":false},"excerpt":{"rendered":"<p>Lisbeth Mej\u00eda Reyes\/Zona Roja. Oaxaca, Oax., a 16 de enero de 2026.- Debido a la&hellip;<\/p>\n","protected":false},"author":2,"featured_media":89145,"comment_status":"closed","ping_status":"open","sticky":false,"template":"","format":"standard","meta":{"_lmt_disableupdate":"","_lmt_disable":"","_jetpack_memberships_contains_paid_content":false,"footnotes":""},"categories":[109,47],"tags":[518],"class_list":["post-89144","post","type-post","status-publish","format-standard","has-post-thumbnail","hentry","category-minuto-a-minuto","category-zona-gris","tag-protestas-oaxaca"],"jetpack_featured_media_url":"https:\/\/zonaroja.com.mx\/wp-content\/uploads\/2026\/01\/Protesta-STEUABJO-Oaxaca.jpg","jetpack_sharing_enabled":true,"_links":{"self":[{"href":"https:\/\/zonaroja.com.mx\/index.php?rest_route=\/wp\/v2\/posts\/89144","targetHints":{"allow":["GET"]}}],"collection":[{"href":"https:\/\/zonaroja.com.mx\/index.php?rest_route=\/wp\/v2\/posts"}],"about":[{"href":"https:\/\/zonaroja.com.mx\/index.php?rest_route=\/wp\/v2\/types\/post"}],"author":[{"embeddable":true,"href":"https:\/\/zonaroja.com.mx\/index.php?rest_route=\/wp\/v2\/users\/2"}],"replies":[{"embeddable":true,"href":"https:\/\/zonaroja.com.mx\/index.php?rest_route=%2Fwp%2Fv2%2Fcomments&post=89144"}],"version-history":[{"count":1,"href":"https:\/\/zonaroja.com.mx\/index.php?rest_route=\/wp\/v2\/posts\/89144\/revisions"}],"predecessor-version":[{"id":89146,"href":"https:\/\/zonaroja.com.mx\/index.php?rest_route=\/wp\/v2\/posts\/89144\/revisions\/89146"}],"wp:featuredmedia":[{"embeddable":true,"href":"https:\/\/zonaroja.com.mx\/index.php?rest_route=\/wp\/v2\/media\/89145"}],"wp:attachment":[{"href":"https:\/\/zonaroja.com.mx\/index.php?rest_route=%2Fwp%2Fv2%2Fmedia&parent=89144"}],"wp:term":[{"taxonomy":"category","embeddable":true,"href":"https:\/\/zonaroja.com.mx\/index.php?rest_route=%2Fwp%2Fv2%2Fcategories&post=89144"},{"taxonomy":"post_tag","embeddable":true,"href":"https:\/\/zonaroja.com.mx\/index.php?rest_route=%2Fwp%2Fv2%2Ftags&post=89144"}],"curies":[{"name":"wp","href":"https:\/\/api.w.org\/{rel}","templated":true}]}}