{"id":89152,"date":"2026-01-17T08:45:00","date_gmt":"2026-01-17T14:45:00","guid":{"rendered":"https:\/\/zonaroja.com.mx\/?p=89152"},"modified":"2026-01-17T07:29:07","modified_gmt":"2026-01-17T13:29:07","slug":"intolerancia-religiosa-cumple-48-horas-retenido-pastos-evangelico-en-oaxaca","status":"publish","type":"post","link":"https:\/\/zonaroja.com.mx\/?p=89152","title":{"rendered":"Intolerancia religiosa: cumple 48 horas retenido pastos evang\u00e9lico en Oaxaca"},"content":{"rendered":"\n<p>Lisbeth Mej\u00eda Reyes<\/p>\n\n\n\n<p>Oaxaca, Oax., a 17 de enero de 2026.- Porfirio Flores Z\u00fa\u00f1iga, abogado y defensor de la libertad religiosa en Oaxaca, denunci\u00f3 este viernes un nuevo caso de discriminaci\u00f3n e intolerancia religiosa por parte de cat\u00f3licos hacia un pastor evang\u00e9lico en la agencia de Santiago Malacatepec, municipio de San Juan Mazatl\u00e1n Mixe.<\/p>\n\n\n\n<p>Flores se\u00f1al\u00f3 que el pastor Mariano Vel\u00e1squez Mart\u00ednez fue encarcelado este 15 de enero por negarse a rezar al santo patrono del pueblo y que previamente fue obligado a aceptar la mayordom\u00eda.&nbsp;<\/p>\n\n\n\n<p>Adem\u00e1s de que permanece incomunicado y la asamblea de la poblaci\u00f3n determin\u00f3 su expulsi\u00f3n y el derribo del templo evang\u00e9lico del lugar, de acuerdo con lo que ha podido establecer a trav\u00e9s de la esposa del detenido.<\/p>\n\n\n\n<p>El pastor evang\u00e9lico Mariano Vel\u00e1squez Mart\u00ednez est\u00e1 al frente de una iglesia de aproximadamente 25 personas en esa localidad desde el a\u00f1o 2015.<\/p>\n\n\n\n<p>Las autoridades estatales ya conocen del caso, explic\u00f3 el abogado, quien espera que se atienda el caso, pues temen de represalias contra toda la familia del pastor.&nbsp;<\/p>\n\n\n\n<p>Adem\u00e1s de que no es un hecho aislado sino parte de una serie de violaciones a los derechos humanos por la intolerancia religiosa enraizados en los usos y costumbres.&nbsp;<\/p>\n\n\n\n<p>A partir de estos, dijo, las comunidades ind\u00edgenas del estado de Oaxaca mezclan los cargos civiles con los religiosos, cuando deber\u00edan de estar separados conforme a la Ley de Libertad de Culto, promulgada hace 165 a\u00f1os por el Benem\u00e9rito de las Am\u00e9ricas y oaxaque\u00f1o Benito Ju\u00e1rez Garc\u00eda.<\/p>\n\n\n\n<p>Flores neg\u00f3 que se satanice a los usos y costumbres, pues tienen aspectos muy positivos en cuanto a organizaci\u00f3n comunitaria y autodeterminaci\u00f3n, sin embargo, tambi\u00e9n mantienen el defecto de mezclar cargos civiles y religiosos. Es decir, que funciones como las de sacrist\u00e1n o mayordomo (propios de la iglesia cat\u00f3lica) se mezclen con los civiles: de comit\u00e9 de colonia o de comit\u00e9 de agua y otros, regidor, s\u00edndico, presidente, etc\u00e9tera.<\/p>\n\n\n\n<p>Ante este panorama, consider\u00f3 necesario reformar los usos y costumbres para que se eliminen los cargos cat\u00f3licos o que estos solamente recaigan en quienes son de esa religi\u00f3n.<\/p>\n\n\n\n<p>Sobre el caso del pastor Mariano, detall\u00f3 que \u00abel a\u00f1o pasado, la comunidad le design\u00f3 el cargo de ser el mayordomo, un cargo que a todas luces no le compete porque \u00e9l no es cat\u00f3lico, \u00e9l es pastor (evang\u00e9lico), pero en aras de no discutir, de no pelearse, de no tener ninguna confrontaci\u00f3n, acept\u00f3 tener el cargo de mayordomo, en el entendido de que solo implicaba o significaba que pagara los gastos de la fiesta, que se estipula o estila cuando alguien hace la mayordom\u00eda\u00bb.<\/p>\n\n\n\n<p>Sin embargo, este 15 de enero, el pastor Mariano fue requerido por la autoridad municipal, quien le dijo que no solamente ten\u00eda que pagar la mayordom\u00eda sino hacer toda la ceremonia, incluyendo encender las velas a Santiago Ap\u00f3stol, arrodillarse y rezar. El pastor les record\u00f3 que eso no era parte del acuerdo sino pagar la mayordom\u00eda.<\/p>\n\n\n\n<p>\u00abEntonces, la autoridad lo detuvo\u00bb, expres\u00f3 Flores Z\u00fa\u00f1iga, al recordar que San Juan Mazatl\u00e1n Mixe es un municipio de Oaxaca con alta intolerancia religiosa y otros desplazamientos por intolerancia religiosa. En 2022, en la agencia de San Pedro Chimaltepec, fueron desplazadas 7 familias por no pagar ni participar en la organizaci\u00f3n de los festejos de las celebraciones cat\u00f3licas. Est\u00e1s familias se vieron obligadas a reubicarse en Guevea de Humboldt.<\/p>\n\n\n\n<p>Como est\u00e1s familias, otro de los casos m\u00e1s recientes de desplazamiento forzado por intolerancia religiosa es el de familias de Cerro Caj\u00f3n, agencia El Arenal, en el municipio de San Juan Lalana, quienes fueron agredidas en 2024 por habitantes de su comunidad, les robaron su ganado y quemaron su templo. A la fecha, las familias siguen exiliadas y sin poder volver a sus hogares.<\/p>\n","protected":false},"excerpt":{"rendered":"<p>Lisbeth Mej\u00eda Reyes Oaxaca, Oax., a 17 de enero de 2026.- Porfirio Flores Z\u00fa\u00f1iga, abogado&hellip;<\/p>\n","protected":false},"author":2,"featured_media":89154,"comment_status":"closed","ping_status":"open","sticky":false,"template":"","format":"standard","meta":{"_lmt_disableupdate":"","_lmt_disable":"","_jetpack_memberships_contains_paid_content":false,"footnotes":""},"categories":[109,47],"tags":[4633,933,4632],"class_list":["post-89152","post","type-post","status-publish","format-standard","has-post-thumbnail","hentry","category-minuto-a-minuto","category-zona-gris","tag-pastor-mariano-velasquez-martinez","tag-san-juan-mazatlan-mixe","tag-santiago-malacatepec"],"jetpack_featured_media_url":"https:\/\/zonaroja.com.mx\/wp-content\/uploads\/2026\/01\/Pastor-detenido-Santiago-Malacatepec.jpg","jetpack_sharing_enabled":true,"_links":{"self":[{"href":"https:\/\/zonaroja.com.mx\/index.php?rest_route=\/wp\/v2\/posts\/89152","targetHints":{"allow":["GET"]}}],"collection":[{"href":"https:\/\/zonaroja.com.mx\/index.php?rest_route=\/wp\/v2\/posts"}],"about":[{"href":"https:\/\/zonaroja.com.mx\/index.php?rest_route=\/wp\/v2\/types\/post"}],"author":[{"embeddable":true,"href":"https:\/\/zonaroja.com.mx\/index.php?rest_route=\/wp\/v2\/users\/2"}],"replies":[{"embeddable":true,"href":"https:\/\/zonaroja.com.mx\/index.php?rest_route=%2Fwp%2Fv2%2Fcomments&post=89152"}],"version-history":[{"count":1,"href":"https:\/\/zonaroja.com.mx\/index.php?rest_route=\/wp\/v2\/posts\/89152\/revisions"}],"predecessor-version":[{"id":89155,"href":"https:\/\/zonaroja.com.mx\/index.php?rest_route=\/wp\/v2\/posts\/89152\/revisions\/89155"}],"wp:featuredmedia":[{"embeddable":true,"href":"https:\/\/zonaroja.com.mx\/index.php?rest_route=\/wp\/v2\/media\/89154"}],"wp:attachment":[{"href":"https:\/\/zonaroja.com.mx\/index.php?rest_route=%2Fwp%2Fv2%2Fmedia&parent=89152"}],"wp:term":[{"taxonomy":"category","embeddable":true,"href":"https:\/\/zonaroja.com.mx\/index.php?rest_route=%2Fwp%2Fv2%2Fcategories&post=89152"},{"taxonomy":"post_tag","embeddable":true,"href":"https:\/\/zonaroja.com.mx\/index.php?rest_route=%2Fwp%2Fv2%2Ftags&post=89152"}],"curies":[{"name":"wp","href":"https:\/\/api.w.org\/{rel}","templated":true}]}}