{"id":89159,"date":"2026-01-17T10:43:00","date_gmt":"2026-01-17T16:43:00","guid":{"rendered":"https:\/\/zonaroja.com.mx\/?p=89159"},"modified":"2026-01-17T07:49:36","modified_gmt":"2026-01-17T13:49:36","slug":"comision-del-ieepco-ordena-el-retiro-de-propaganda-irregular-por-revocacion","status":"publish","type":"post","link":"https:\/\/zonaroja.com.mx\/?p=89159","title":{"rendered":"Comisi\u00f3n del IEEPCO ordena el retiro de propaganda irregular por Revocaci\u00f3n\u00a0"},"content":{"rendered":"\n<p>Redacci\u00f3n\/Zona Roja.&nbsp;<\/p>\n\n\n\n<p>Oaxaca, Oax., a 17 de enero de 2026.- Este viernes, en sesi\u00f3n extraordinaria urgente, la Comisi\u00f3n de Quejas y Denuncias del Instituto Estatal Electoral y de Participaci\u00f3n Ciudadana de Oaxaca (IEEPCO) aprob\u00f3 medidas cautelares para ordenar el retiro inmediato de propaganda irregular relativa al procedimiento de Revocaci\u00f3n de Mandato.&nbsp;<\/p>\n\n\n\n<p>Asimismo, la Comisi\u00f3n exhort\u00f3 a las personas responsables de difundir dicha propaganda a respetar las etapas y los tiempos establecidos en el calendario electoral aprobado por el Consejo General del IEEPCO, as\u00ed como la normatividad en la materia.<\/p>\n\n\n\n<p>Estas acciones tienen como finalidad proteger los principios que rigen la funci\u00f3n del Instituto durante el Proceso de Revocaci\u00f3n de Mandato de la persona titular del Poder Ejecutivo del Estado, correspondiente al periodo 2022\u20132028.<\/p>\n\n\n\n<p>Es importante se\u00f1alar que la Comisi\u00f3n de Quejas y Denuncias inici\u00f3 estas acciones de oficio, luego de emitir un Acuerdo de Desahogo de Diligencias de Verificaci\u00f3n, mediante el cual se realizaron recorridos para comprobar la existencia de propaganda relacionada con el Proceso de Revocaci\u00f3n de Mandato distinta a la autorizada por &nbsp;las autoridades electorales.<\/p>\n\n\n\n<p>Como resultado de estas verificaciones, y con base en las actas levantadas por los consejos distritales, se confirm\u00f3 la presencia de propaganda colocada en espectaculares, bardas y lonas.&nbsp;<\/p>\n\n\n\n<p>En dicho material se observa la imagen del Ejecutivo Estatal, as\u00ed como mensajes relacionados con la continuidad de programas sociales y de un proyecto pol\u00edtico, lo que dio origen a la adopci\u00f3n del acuerdo.<\/p>\n\n\n\n<p>La sesi\u00f3n virtual cont\u00f3 con la participaci\u00f3n del consejero presidente de la Comisi\u00f3n de Quejas y Denuncias, Manuel Cort\u00e9s Muriedas, as\u00ed como de las consejeras electorales Ana Mar\u00eda M\u00e1rquez Andr\u00e9s y Gabriela Fernanda Espinoza Blancas. Tambi\u00e9n estuvo presente la secretaria t\u00e9cnica, Luisa Anah\u00ed Galindo Velazco.<\/p>\n","protected":false},"excerpt":{"rendered":"<p>Redacci\u00f3n\/Zona Roja.&nbsp; Oaxaca, Oax., a 17 de enero de 2026.- Este viernes, en sesi\u00f3n extraordinaria&hellip;<\/p>\n","protected":false},"author":2,"featured_media":89160,"comment_status":"closed","ping_status":"open","sticky":false,"template":"","format":"standard","meta":{"_lmt_disableupdate":"","_lmt_disable":"","_jetpack_memberships_contains_paid_content":false,"footnotes":""},"categories":[109,46],"tags":[2932,4512],"class_list":["post-89159","post","type-post","status-publish","format-standard","has-post-thumbnail","hentry","category-minuto-a-minuto","category-zona-blanca","tag-instituto-estatal-electoral-y-de-participacion-ciudadana-de-oaxaca-ieepco","tag-revocacion-de-mandato-oaxaca"],"jetpack_featured_media_url":"https:\/\/zonaroja.com.mx\/wp-content\/uploads\/2026\/01\/Propaganda-irregular-Jara-revocacion-de-mandato.jpg","jetpack_sharing_enabled":true,"_links":{"self":[{"href":"https:\/\/zonaroja.com.mx\/index.php?rest_route=\/wp\/v2\/posts\/89159","targetHints":{"allow":["GET"]}}],"collection":[{"href":"https:\/\/zonaroja.com.mx\/index.php?rest_route=\/wp\/v2\/posts"}],"about":[{"href":"https:\/\/zonaroja.com.mx\/index.php?rest_route=\/wp\/v2\/types\/post"}],"author":[{"embeddable":true,"href":"https:\/\/zonaroja.com.mx\/index.php?rest_route=\/wp\/v2\/users\/2"}],"replies":[{"embeddable":true,"href":"https:\/\/zonaroja.com.mx\/index.php?rest_route=%2Fwp%2Fv2%2Fcomments&post=89159"}],"version-history":[{"count":1,"href":"https:\/\/zonaroja.com.mx\/index.php?rest_route=\/wp\/v2\/posts\/89159\/revisions"}],"predecessor-version":[{"id":89161,"href":"https:\/\/zonaroja.com.mx\/index.php?rest_route=\/wp\/v2\/posts\/89159\/revisions\/89161"}],"wp:featuredmedia":[{"embeddable":true,"href":"https:\/\/zonaroja.com.mx\/index.php?rest_route=\/wp\/v2\/media\/89160"}],"wp:attachment":[{"href":"https:\/\/zonaroja.com.mx\/index.php?rest_route=%2Fwp%2Fv2%2Fmedia&parent=89159"}],"wp:term":[{"taxonomy":"category","embeddable":true,"href":"https:\/\/zonaroja.com.mx\/index.php?rest_route=%2Fwp%2Fv2%2Fcategories&post=89159"},{"taxonomy":"post_tag","embeddable":true,"href":"https:\/\/zonaroja.com.mx\/index.php?rest_route=%2Fwp%2Fv2%2Ftags&post=89159"}],"curies":[{"name":"wp","href":"https:\/\/api.w.org\/{rel}","templated":true}]}}