{"id":89165,"date":"2026-01-17T14:45:00","date_gmt":"2026-01-17T20:45:00","guid":{"rendered":"https:\/\/zonaroja.com.mx\/?p=89165"},"modified":"2026-01-17T08:01:50","modified_gmt":"2026-01-17T14:01:50","slug":"reconocen-en-jalisco-al-promotor-cultural-oaxaqueno-sergio-cervantes-quiroz","status":"publish","type":"post","link":"https:\/\/zonaroja.com.mx\/?p=89165","title":{"rendered":"Reconocen en Jalisco al promotor cultural oaxaque\u00f1o Sergio Cervantes Quiroz"},"content":{"rendered":"\n<p>Lisbeth Mej\u00eda Reyes\/Zona Roja.<\/p>\n\n\n\n<p>Oaxaca, Oax., a 17 de enero de 2026.- El promotor y gestor cultural Sergio Cervantes Quiroz fue reconocido este 15 de enero con la presea \u00abIxca Far\u00edas\u00bb, uno de los dos galardones que entrega anualmente el Colegio Mexicano de Profesionales de la Cultura (CMPC) a promotores, gestores y profesionales del \u00e1mbito cultural en el pa\u00eds.<\/p>\n\n\n\n<p>Egresado de la licenciatura en contadur\u00eda por la Universidad Aut\u00f3noma Benito Ju\u00e1rez de Oaxaca (UABJO), Cervantes Quiroz ha dedicado su vida a la gesti\u00f3n cultural y las artes desde la docencia, la funci\u00f3n p\u00fablica y otros \u00e1mbitos.<\/p>\n\n\n\n<p>De acuerdo con su perfil de la red LinkedIn, Cervantes \u00abse form\u00f3 como actor y director de teatro bajo la tutela de la maestra Arcelia Ya\u00f1iz y el escritor, director y gestor H\u00e9ctor Azar\u00bb.<\/p>\n\n\n\n<p>Tambi\u00e9n es miembro del Seminario de Cultura Mexicana Corresponsal\u00eda Oaxaca, director de la asociaci\u00f3n civil SCQ Cultura Oaxaca y creador del grupo Di\u00e1logos de la Gesti\u00f3n Cultural en M\u00e9xico, \u00abdesde donde planea, organiza y ejecuta el Diplomado de Gesti\u00f3n Cultural Comunitaria: \u00e1mbitos y actualidad\u00bb.<\/p>\n\n\n\n<p>Cervantes se ha desempe\u00f1ado en instituciones p\u00fablicas como El Centro Universitario de Teatro y La Casa del Lago de la Universidad Nacional Aut\u00f3noma de M\u00e9xico (UNAM), en el Instituto Nacional de Bellas Artes, en la Secretar\u00eda de las Culturas y Artes de Oaxaca y en la Casa de la Cultura Oaxaque\u00f1a.<\/p>\n\n\n\n<p>De igual manera, ha participado en la gesti\u00f3n, direcci\u00f3n y promoci\u00f3n de festivales musicales como el \u00abFestival de Primavera con la Orquesta Sinf\u00f3nica Nacional; Festival Oaxaca con la Orquesta Filarm\u00f3nica de Quer\u00e9taro; Festival Hum\u00e1nitas, entre otros\u00bb. Tambi\u00e9n es creador de la Licenciatura en Gesti\u00f3n Cultural junto con el maestro David L\u00f3pez Vera y Gustavo Hern\u00e1ndez en la Universidad Aut\u00f3noma Benito Ju\u00e1rez de Oaxaca, explica en su perfil profesional.<\/p>\n\n\n\n<p>Adem\u00e1s del oaxaque\u00f1o Cervantes Quiroz, la presea \u00abIxca Far\u00edas\u00bb se otorg\u00f3 al ex presidente municipal de Atotonilco el Alto, Jalisco, H\u00e9ctor Camacho. Asimismo, a Adriana Ruiz Razura, fundadora de la maestr\u00eda en Gesti\u00f3n Cultural de la Universidad de Guadalajara; al padre Tom\u00e1s de Hijar Ornelas, por m\u00e1s de tres d\u00e9cadas dedicadas a la promoci\u00f3n cultural; Ofelia Cano, Armandina Cruz.<\/p>\n","protected":false},"excerpt":{"rendered":"<p>Lisbeth Mej\u00eda Reyes\/Zona Roja. Oaxaca, Oax., a 17 de enero de 2026.- El promotor y&hellip;<\/p>\n","protected":false},"author":2,"featured_media":89166,"comment_status":"closed","ping_status":"open","sticky":false,"template":"","format":"standard","meta":{"_lmt_disableupdate":"","_lmt_disable":"","_jetpack_memberships_contains_paid_content":false,"footnotes":""},"categories":[109,46],"tags":[4635],"class_list":["post-89165","post","type-post","status-publish","format-standard","has-post-thumbnail","hentry","category-minuto-a-minuto","category-zona-blanca","tag-sergio-cervantes-quiroz"],"jetpack_featured_media_url":"https:\/\/zonaroja.com.mx\/wp-content\/uploads\/2026\/01\/Sergio-Cervantes-Quiroz.jpg","jetpack_sharing_enabled":true,"_links":{"self":[{"href":"https:\/\/zonaroja.com.mx\/index.php?rest_route=\/wp\/v2\/posts\/89165","targetHints":{"allow":["GET"]}}],"collection":[{"href":"https:\/\/zonaroja.com.mx\/index.php?rest_route=\/wp\/v2\/posts"}],"about":[{"href":"https:\/\/zonaroja.com.mx\/index.php?rest_route=\/wp\/v2\/types\/post"}],"author":[{"embeddable":true,"href":"https:\/\/zonaroja.com.mx\/index.php?rest_route=\/wp\/v2\/users\/2"}],"replies":[{"embeddable":true,"href":"https:\/\/zonaroja.com.mx\/index.php?rest_route=%2Fwp%2Fv2%2Fcomments&post=89165"}],"version-history":[{"count":1,"href":"https:\/\/zonaroja.com.mx\/index.php?rest_route=\/wp\/v2\/posts\/89165\/revisions"}],"predecessor-version":[{"id":89167,"href":"https:\/\/zonaroja.com.mx\/index.php?rest_route=\/wp\/v2\/posts\/89165\/revisions\/89167"}],"wp:featuredmedia":[{"embeddable":true,"href":"https:\/\/zonaroja.com.mx\/index.php?rest_route=\/wp\/v2\/media\/89166"}],"wp:attachment":[{"href":"https:\/\/zonaroja.com.mx\/index.php?rest_route=%2Fwp%2Fv2%2Fmedia&parent=89165"}],"wp:term":[{"taxonomy":"category","embeddable":true,"href":"https:\/\/zonaroja.com.mx\/index.php?rest_route=%2Fwp%2Fv2%2Fcategories&post=89165"},{"taxonomy":"post_tag","embeddable":true,"href":"https:\/\/zonaroja.com.mx\/index.php?rest_route=%2Fwp%2Fv2%2Ftags&post=89165"}],"curies":[{"name":"wp","href":"https:\/\/api.w.org\/{rel}","templated":true}]}}