{"id":89168,"date":"2026-01-17T11:45:00","date_gmt":"2026-01-17T17:45:00","guid":{"rendered":"https:\/\/zonaroja.com.mx\/?p=89168"},"modified":"2026-01-17T08:07:54","modified_gmt":"2026-01-17T14:07:54","slug":"exhorta-el-congreso-a-fortalecer-la-difusion-del-proceso-de-revocacion-de-mandato","status":"publish","type":"post","link":"https:\/\/zonaroja.com.mx\/?p=89168","title":{"rendered":"Exhorta el Congreso a fortalecer la difusi\u00f3n del proceso de Revocaci\u00f3n de Mandato"},"content":{"rendered":"\n<p>Redacci\u00f3n\/Zona Roja.<\/p>\n\n\n\n<p>Oaxaca, Oax., a 17 de enero de 2026.- En la reciente sesi\u00f3n ordinaria, la 66 Legislatura del Congreso del Estado aprob\u00f3 un exhorto para que el Instituto Estatal Electoral y de Participaci\u00f3n Ciudadana de Oaxaca (IEEPCO), de acuerdo con el \u00e1mbito de sus atribuciones, ampl\u00ede y fortalezca la difusi\u00f3n institucional del proceso de revocaci\u00f3n de mandato del Gobernador Constitucional del Estado, Salom\u00f3n Jara Cruz.<\/p>\n\n\n\n<p>El acuerdo tiene como objetivo garantizar el principio de m\u00e1xima publicidad y asegurar que la ciudadan\u00eda cuente con informaci\u00f3n clara, objetiva y oportuna, que permita una participaci\u00f3n informada en este ejercicio democr\u00e1tico, resaltando la necesidad de una estrategia de comunicaci\u00f3n incluyente, con \u00e9nfasis en comunidades ind\u00edgenas, afromexicanas, rurales y en grupos en situaci\u00f3n de vulnerabilidad, atendiendo la diversidad cultural y territorial de la entidad.<\/p>\n\n\n\n<p>El Punto de Acuerdo, aprobado de Urgente y Obvia Resoluci\u00f3n con 29 votos, fue presentado por la diputada Lizbeth Anaid Concha Ojeda, del Grupo Parlamentario Plural, quien destac\u00f3 que la difusi\u00f3n amplia y accesible es indispensable para que la ciudadan\u00eda conozca el procedimiento, as\u00ed como las fechas y sedes correspondientes, sin que ello implique una postura pol\u00edtica del \u00f3rgano electoral.<\/p>\n\n\n\n<p>Asimismo, se plante\u00f3 la importancia de utilizar medios tradicionales, digitales y comunitarios, as\u00ed como la elaboraci\u00f3n de contenidos en lenguas originarias y materiales accesibles para personas con discapacidad, a fin de superar barreras de conectividad y acceso a la informaci\u00f3n que persisten en diversas regiones del estado.<\/p>\n\n\n\n<p>Durante la exposici\u00f3n de motivos, se enfatiz\u00f3 que este proceso constituye un hecho hist\u00f3rico, al tratarse del primer ejercicio de revocaci\u00f3n de mandato a nivel de un Poder Ejecutivo estatal en M\u00e9xico, el cual ha avanzado conforme a la legalidad del proceso.<\/p>\n\n\n\n<p>La legisladora reiter\u00f3 que una democracia s\u00f3lida requiere ciudadan\u00eda informada y participaci\u00f3n consciente, por lo que llam\u00f3 a fortalecer los mecanismos de comunicaci\u00f3n institucional que permitan a la poblaci\u00f3n comprender el alcance y las implicaciones de este ejercicio.<\/p>\n","protected":false},"excerpt":{"rendered":"<p>Redacci\u00f3n\/Zona Roja. Oaxaca, Oax., a 17 de enero de 2026.- En la reciente sesi\u00f3n ordinaria,&hellip;<\/p>\n","protected":false},"author":2,"featured_media":86527,"comment_status":"closed","ping_status":"open","sticky":false,"template":"","format":"standard","meta":{"_lmt_disableupdate":"","_lmt_disable":"","_jetpack_memberships_contains_paid_content":false,"footnotes":""},"categories":[109,46],"tags":[303],"class_list":["post-89168","post","type-post","status-publish","format-standard","has-post-thumbnail","hentry","category-minuto-a-minuto","category-zona-blanca","tag-congreso-del-estado-de-oaxaca"],"jetpack_featured_media_url":"https:\/\/zonaroja.com.mx\/wp-content\/uploads\/2025\/11\/Revocacion-de-mandato.jpg","jetpack_sharing_enabled":true,"_links":{"self":[{"href":"https:\/\/zonaroja.com.mx\/index.php?rest_route=\/wp\/v2\/posts\/89168","targetHints":{"allow":["GET"]}}],"collection":[{"href":"https:\/\/zonaroja.com.mx\/index.php?rest_route=\/wp\/v2\/posts"}],"about":[{"href":"https:\/\/zonaroja.com.mx\/index.php?rest_route=\/wp\/v2\/types\/post"}],"author":[{"embeddable":true,"href":"https:\/\/zonaroja.com.mx\/index.php?rest_route=\/wp\/v2\/users\/2"}],"replies":[{"embeddable":true,"href":"https:\/\/zonaroja.com.mx\/index.php?rest_route=%2Fwp%2Fv2%2Fcomments&post=89168"}],"version-history":[{"count":1,"href":"https:\/\/zonaroja.com.mx\/index.php?rest_route=\/wp\/v2\/posts\/89168\/revisions"}],"predecessor-version":[{"id":89169,"href":"https:\/\/zonaroja.com.mx\/index.php?rest_route=\/wp\/v2\/posts\/89168\/revisions\/89169"}],"wp:featuredmedia":[{"embeddable":true,"href":"https:\/\/zonaroja.com.mx\/index.php?rest_route=\/wp\/v2\/media\/86527"}],"wp:attachment":[{"href":"https:\/\/zonaroja.com.mx\/index.php?rest_route=%2Fwp%2Fv2%2Fmedia&parent=89168"}],"wp:term":[{"taxonomy":"category","embeddable":true,"href":"https:\/\/zonaroja.com.mx\/index.php?rest_route=%2Fwp%2Fv2%2Fcategories&post=89168"},{"taxonomy":"post_tag","embeddable":true,"href":"https:\/\/zonaroja.com.mx\/index.php?rest_route=%2Fwp%2Fv2%2Ftags&post=89168"}],"curies":[{"name":"wp","href":"https:\/\/api.w.org\/{rel}","templated":true}]}}