{"id":8917,"date":"2020-02-18T19:14:52","date_gmt":"2020-02-19T01:14:52","guid":{"rendered":"http:\/\/www.zonaroja.com.mx\/?p=8917"},"modified":"2020-02-18T19:14:55","modified_gmt":"2020-02-19T01:14:55","slug":"llama-santa-maria-del-mar-al-dialogo-para-terminar-conflicto-en-zona-marena","status":"publish","type":"post","link":"https:\/\/zonaroja.com.mx\/?p=8917","title":{"rendered":"Llama Santa Mar\u00eda del Mar al di\u00e1logo para terminar conflicto en zona mare\u00f1a"},"content":{"rendered":"\n<p>Evlin Arag\u00f3n\/Zona Roja.<\/p>\n\n\n\n<p>Oaxaca de Ju\u00e1rez, Oax., 18 de febrero\nde 2020.- Autoridades comunales y habitantes de Santa Mar\u00eda del Mar lamentaron\nla cancelaci\u00f3n de una granja solar, necesaria en la localidad para recuperar el\nservicio de luz el\u00e9ctrica suspendido hace m\u00e1s de diez a\u00f1os, debido al conflicto\nque se vive en la zona mare\u00f1a con las localidades de San Dionisio del Mar,\n\u00c1lvaro Obreg\u00f3n y San Mateo del Mar.<\/p>\n\n\n\n<p>Gelasio Cruz Mateos, agente municipal,\ny Eustasio Reyes Mart\u00ednez, comisariado de Bienes Comunales de Santa Mar\u00eda,\ndieron a conocer que el proyecto avalado por el Instituto Nacional de los\nPueblos Ind\u00edgenas fue cancelado debido a los constantes impedimentos por\ntrasladar el material que servir\u00eda para su construcci\u00f3n, ello por los bloqueos\ncarreteros en la zona.<\/p>\n\n\n\n<p>Lo anterior debido a que habitantes de\nlos otros municipios y localidades pensaron que se trataba de un proyecto de\nlas empresas e\u00f3licas ubicadas en la regi\u00f3n del Istmo, a las cuales se oponen en\nuna intensa lucha por su territorio; sin embargo, lo anterior no era real y por\nel contrario la granja buscaba beneficiar a quienes desde hace 10 a\u00f1os no\ncuentan con el servicio.&nbsp; <\/p>\n\n\n\n<p>\u201cLa granja solar, la cual con tristeza\nhoy les anunciamos ya fue cancelada, nada tiene que ver con los proyectos\ne\u00f3licos y su proceso de construcci\u00f3n era con recursos de la Federaci\u00f3n para\nbeneficiar a esta asolada comunidad, por lo tanto, nada tiene que ver con las\nempresas e\u00f3licas\u201d, explicaron en un documento difundido en los medios de\ncomunicaci\u00f3n.<\/p>\n\n\n\n<p>En conferencia de prensa, Itayee Cruz\nGuevara, comisionada de la comunidad, detall\u00f3 que desde hace 10 a\u00f1os, Santa\nMar\u00eda del Mar no cuenta con energ\u00eda el\u00e9ctrica, agua potable y tampoco tiene\nacceso por v\u00eda terrestre, raz\u00f3n por lo que hicieron la petici\u00f3n de la granja\nsolar a las autoridades federales, misma que concluir\u00eda en diciembre del 2019,\nsin embargo por malos entendidos en las comunidades no se consolid\u00f3.<\/p>\n\n\n\n<p>Record\u00f3 que la problem\u00e1tica en la zona\nha dejado un saldo de tres personas muertas en el 2017, quienes fallecieron\nahogadas al voltear una lancha en la que se trasladan, ello debido a los\nfuertes vientos que se registran en la zona y ante la falta de acceso\nterrestre, en perjuicio de mil 500 personas que tambi\u00e9n padecen la falta de\nservicios b\u00e1sicos.<\/p>\n\n\n\n<p>Cruz Guevara detall\u00f3 que la defensa del\nterritorio que realizan pueblos vecinos a la localidad no justifica la\nviolaci\u00f3n de sus derechos humanos, al mantenerlos aislados y sin posibilidades\nde una mejor calidad de vida. <\/p>\n\n\n\n<p>\u201cEs inmoral y pol\u00edticamente\ninsostenible dejar sin paso y sin los m\u00e1s elementales servicios, como luz y\nagua durante tanto tiempo a tanta gente en nombre de la defensa del\nterritorio\u201d, dijo.<\/p>\n\n\n\n<p>Raz\u00f3n por la que en conjunto hicieron\nun llamado a las y los habitantes de San Dionisio del Mar, \u00c1lvaro Obreg\u00f3n y San\nMateo del Mar, para generar un di\u00e1logo amplio, en un marco de igualdad y\ndignidad, que les permita encontrar la paz en la zona, azotada por un conflicto\nentre localidades desde hace m\u00e1s de diez a\u00f1os.<\/p>\n\n\n\n<p>\u201cSomos hijos de una misma madre; una es\nnuestra cultura, otro es nuestro territorio y compartimos el mismo dolor y\npobreza, le expresaron a los pueblos vecinos\u201d, refirieron.<\/p>\n\n\n\n<p>Finalmente, autoridades y habitantes de\nSanta Mar\u00eda del Mar lamentaron el abandono de las autoridades estatales a\nquienes solicitaron una vez m\u00e1s su eficaz intervenci\u00f3n sin crear entes\nfantasmas como la&nbsp; \u201cComisi\u00f3n de Alto\nNivel\u201d anunciada por el ejecutivo estatal en marzo del 2018.<\/p>\n","protected":false},"excerpt":{"rendered":"<p>Evlin Arag\u00f3n\/Zona Roja. Oaxaca de Ju\u00e1rez, Oax., 18 de febrero de 2020.- Autoridades comunales y&hellip;<\/p>\n","protected":false},"author":2,"featured_media":8918,"comment_status":"closed","ping_status":"open","sticky":false,"template":"","format":"standard","meta":{"_lmt_disableupdate":"","_lmt_disable":"","_jetpack_memberships_contains_paid_content":false,"footnotes":""},"categories":[109,47],"tags":[893],"class_list":["post-8917","post","type-post","status-publish","format-standard","has-post-thumbnail","hentry","category-minuto-a-minuto","category-zona-gris","tag-santa-maria-del-mar"],"jetpack_featured_media_url":"https:\/\/zonaroja.com.mx\/wp-content\/uploads\/2020\/02\/Santa-Mar\u00eda-del-Mar.jpg","jetpack_sharing_enabled":true,"_links":{"self":[{"href":"https:\/\/zonaroja.com.mx\/index.php?rest_route=\/wp\/v2\/posts\/8917","targetHints":{"allow":["GET"]}}],"collection":[{"href":"https:\/\/zonaroja.com.mx\/index.php?rest_route=\/wp\/v2\/posts"}],"about":[{"href":"https:\/\/zonaroja.com.mx\/index.php?rest_route=\/wp\/v2\/types\/post"}],"author":[{"embeddable":true,"href":"https:\/\/zonaroja.com.mx\/index.php?rest_route=\/wp\/v2\/users\/2"}],"replies":[{"embeddable":true,"href":"https:\/\/zonaroja.com.mx\/index.php?rest_route=%2Fwp%2Fv2%2Fcomments&post=8917"}],"version-history":[{"count":1,"href":"https:\/\/zonaroja.com.mx\/index.php?rest_route=\/wp\/v2\/posts\/8917\/revisions"}],"predecessor-version":[{"id":8919,"href":"https:\/\/zonaroja.com.mx\/index.php?rest_route=\/wp\/v2\/posts\/8917\/revisions\/8919"}],"wp:featuredmedia":[{"embeddable":true,"href":"https:\/\/zonaroja.com.mx\/index.php?rest_route=\/wp\/v2\/media\/8918"}],"wp:attachment":[{"href":"https:\/\/zonaroja.com.mx\/index.php?rest_route=%2Fwp%2Fv2%2Fmedia&parent=8917"}],"wp:term":[{"taxonomy":"category","embeddable":true,"href":"https:\/\/zonaroja.com.mx\/index.php?rest_route=%2Fwp%2Fv2%2Fcategories&post=8917"},{"taxonomy":"post_tag","embeddable":true,"href":"https:\/\/zonaroja.com.mx\/index.php?rest_route=%2Fwp%2Fv2%2Ftags&post=8917"}],"curies":[{"name":"wp","href":"https:\/\/api.w.org\/{rel}","templated":true}]}}