{"id":89178,"date":"2026-01-17T21:49:17","date_gmt":"2026-01-18T03:49:17","guid":{"rendered":"https:\/\/zonaroja.com.mx\/?p=89178"},"modified":"2026-01-17T21:49:17","modified_gmt":"2026-01-18T03:49:17","slug":"normalistas-reanudan-protestas-con-la-toma-de-la-caseta-de-huitzo","status":"publish","type":"post","link":"https:\/\/zonaroja.com.mx\/?p=89178","title":{"rendered":"Normalistas reanudan protestas con la \u201ctoma\u201d de la caseta de Huitzo"},"content":{"rendered":"\n<p>Lisbeth Mej\u00eda Reyes\/Zona Roja. <\/p>\n\n\n\n<p>Oaxaca, Oax., a 17 de enero de 2026.- Estudiantes normalistas de Oaxaca reanudaron sus protestas este 17 de enero con la \u201ctoma\u201d de la caseta de Huitzo en la supercarretera 135 D, que comunica a la entidad con el estado de Puebla.&nbsp;<\/p>\n\n\n\n<p>Sin embargo, evitaron detallar los motivos de su manifestaci\u00f3n y si la protesta era como parte de la Coordinadora Estudiantil Normalista del Estado de Oaxaca (CENEO) o \u00fanicamente como representaci\u00f3n de una escuela normal.<\/p>\n\n\n\n<p>Desde temprana hora, un grupo de normalistas encapuchados se instal\u00f3 en la caseta de cobro exigiendo una cuota voluntaria de parte de automovilistas.<\/p>\n\n\n\n<p>La protesta en la caseta de peaje es la primera del a\u00f1o, luego de que en el 2025 fue tomada en diversas ocasiones.<\/p>\n\n\n\n<p>Hasta la tarde de este s\u00e1bado no se reportaron altercados o incidentes durante la manifestaci\u00f3n de los normalistas. Tampoco hab\u00edan acudido polic\u00edas u otras fuerzas de seguridad para desalojarlos.<\/p>\n\n\n\n<p>Antes de esta manifestaci\u00f3n, los normalistas participaron en la marcha conmemorativa del 46 aniversario de la Coordinadora Nacional de Trabajadores de la Educaci\u00f3n (CNTE), realizada el pasado 18 de diciembre en la ciudad de Oaxaca.<\/p>\n\n\n\n<p>Previamente, en agosto, la CENEO efectu\u00f3 una serie de protestas en la capital en contra del Instituto Estatal de Educaci\u00f3n P\u00fablica de Oaxaca (IEEPO) por presuntas irregularidades en el examen de admisi\u00f3n a escuelas normales.<\/p>\n\n\n\n<p><\/p>\n","protected":false},"excerpt":{"rendered":"<p>Lisbeth Mej\u00eda Reyes\/Zona Roja. Oaxaca, Oax., a 17 de enero de 2026.- Estudiantes normalistas de&hellip;<\/p>\n","protected":false},"author":2,"featured_media":89177,"comment_status":"closed","ping_status":"open","sticky":false,"template":"","format":"standard","meta":{"_lmt_disableupdate":"","_lmt_disable":"","_jetpack_memberships_contains_paid_content":false,"footnotes":""},"categories":[109,47],"tags":[],"class_list":["post-89178","post","type-post","status-publish","format-standard","has-post-thumbnail","hentry","category-minuto-a-minuto","category-zona-gris"],"jetpack_featured_media_url":"https:\/\/zonaroja.com.mx\/wp-content\/uploads\/2026\/01\/img_9928.jpg","jetpack_sharing_enabled":true,"_links":{"self":[{"href":"https:\/\/zonaroja.com.mx\/index.php?rest_route=\/wp\/v2\/posts\/89178","targetHints":{"allow":["GET"]}}],"collection":[{"href":"https:\/\/zonaroja.com.mx\/index.php?rest_route=\/wp\/v2\/posts"}],"about":[{"href":"https:\/\/zonaroja.com.mx\/index.php?rest_route=\/wp\/v2\/types\/post"}],"author":[{"embeddable":true,"href":"https:\/\/zonaroja.com.mx\/index.php?rest_route=\/wp\/v2\/users\/2"}],"replies":[{"embeddable":true,"href":"https:\/\/zonaroja.com.mx\/index.php?rest_route=%2Fwp%2Fv2%2Fcomments&post=89178"}],"version-history":[{"count":1,"href":"https:\/\/zonaroja.com.mx\/index.php?rest_route=\/wp\/v2\/posts\/89178\/revisions"}],"predecessor-version":[{"id":89179,"href":"https:\/\/zonaroja.com.mx\/index.php?rest_route=\/wp\/v2\/posts\/89178\/revisions\/89179"}],"wp:featuredmedia":[{"embeddable":true,"href":"https:\/\/zonaroja.com.mx\/index.php?rest_route=\/wp\/v2\/media\/89177"}],"wp:attachment":[{"href":"https:\/\/zonaroja.com.mx\/index.php?rest_route=%2Fwp%2Fv2%2Fmedia&parent=89178"}],"wp:term":[{"taxonomy":"category","embeddable":true,"href":"https:\/\/zonaroja.com.mx\/index.php?rest_route=%2Fwp%2Fv2%2Fcategories&post=89178"},{"taxonomy":"post_tag","embeddable":true,"href":"https:\/\/zonaroja.com.mx\/index.php?rest_route=%2Fwp%2Fv2%2Ftags&post=89178"}],"curies":[{"name":"wp","href":"https:\/\/api.w.org\/{rel}","templated":true}]}}