{"id":89185,"date":"2026-01-18T08:45:00","date_gmt":"2026-01-18T14:45:00","guid":{"rendered":"https:\/\/zonaroja.com.mx\/?p=89185"},"modified":"2026-01-18T09:15:37","modified_gmt":"2026-01-18T15:15:37","slug":"sabado-fatal-tres-accidentes-dejan-cinco-muertos-en-oaxaca","status":"publish","type":"post","link":"https:\/\/zonaroja.com.mx\/?p=89185","title":{"rendered":"S\u00e1bado fatal: tres accidentes dejan cinco muertos en Oaxaca"},"content":{"rendered":"\n<p>Raymundo Morales\/Zona Roja.<\/p>\n\n\n\n<p>Oaxaca, Oax., a 18 de enero de 2025.- Al menos cinco personas perdieron la vida y otro igual n\u00famero resultaron lesionadas ayer s\u00e1bado debido a tres accidentes ocurridos en las regiones Valles Centrales e Istmo de Tehuantepec.<\/p>\n\n\n\n<p>Anoche, en la carretera federal 190 Oaxaca-Istmo, tramo Jalapa del Marqu\u00e9s-Santo Domingo Tehuantepec, a la altura del paraje \u201cGotita\u201d, se impactaron una camioneta particular y un autob\u00fas de la l\u00ednea SUR.<\/p>\n\n\n\n<p>En el lugar perdi\u00f3 la vida una mujer, y dos m\u00e1s fueron trasladadas a un hospital de Tehuantepec; sin embargo, una muri\u00f3 debido a la gravedad de las lesiones; una m\u00e1s result\u00f3 ilesa.<\/p>\n\n\n\n<p>Tambi\u00e9n anoche, alrededor de las 20:30 horas, en la misma carretera federal 190, pero a unos metros del acceso principal a Santa Mar\u00eda El Tule, se registr\u00f3 un accidente entre una motocicleta y un coche particular, con saldo de una persona fallecida y dos lesionadas.<\/p>\n\n\n\n<p>Se trata de una motocicleta marca Italika placa 71SZT3 y un auto tipo March, marca Nissan, con placas de circulaci\u00f3n TKE-449-B.<\/p>\n\n\n\n<p>Los ocupantes del veh\u00edculo resultaron con lesiones leves, mientras que el conductor de la motocicleta muri\u00f3 en el lugar del percance; a\u00fan se desconoce la mec\u00e1nica de los hechos.<\/p>\n\n\n\n<p>Tambi\u00e9n anoche pero casi al terminar el d\u00eda, en la carretera local a la zona arqueol\u00f3gica de Monte Alb\u00e1n, una motocicleta con dos ocupantes colision\u00f3 con una camioneta, a la altura del fraccionamiento Colinas de Monte Alb\u00e1n.<\/p>\n\n\n\n<p>El percance dej\u00f3 como saldo dos personas fallecidas, M\u00f3nica \u201cN\u201d, de 30 a\u00f1os de edad, y Mario Alejandro \u201cN\u201d, de 33 a\u00f1os, ambos ocupantes del veh\u00edculo peque\u00f1o.<\/p>\n","protected":false},"excerpt":{"rendered":"<p>Raymundo Morales\/Zona Roja. Oaxaca, Oax., a 18 de enero de 2025.- Al menos cinco personas&hellip;<\/p>\n","protected":false},"author":2,"featured_media":89186,"comment_status":"closed","ping_status":"open","sticky":false,"template":"","format":"standard","meta":{"_lmt_disableupdate":"","_lmt_disable":"","_jetpack_memberships_contains_paid_content":false,"footnotes":""},"categories":[109,51],"tags":[3416],"class_list":["post-89185","post","type-post","status-publish","format-standard","has-post-thumbnail","hentry","category-minuto-a-minuto","category-zona-roja","tag-accidentes-carreteros-oaxaca"],"jetpack_featured_media_url":"https:\/\/zonaroja.com.mx\/wp-content\/uploads\/2026\/01\/Accidente-carretero-El-Tule-un-motociclista-fallecido.jpg","jetpack_sharing_enabled":true,"_links":{"self":[{"href":"https:\/\/zonaroja.com.mx\/index.php?rest_route=\/wp\/v2\/posts\/89185","targetHints":{"allow":["GET"]}}],"collection":[{"href":"https:\/\/zonaroja.com.mx\/index.php?rest_route=\/wp\/v2\/posts"}],"about":[{"href":"https:\/\/zonaroja.com.mx\/index.php?rest_route=\/wp\/v2\/types\/post"}],"author":[{"embeddable":true,"href":"https:\/\/zonaroja.com.mx\/index.php?rest_route=\/wp\/v2\/users\/2"}],"replies":[{"embeddable":true,"href":"https:\/\/zonaroja.com.mx\/index.php?rest_route=%2Fwp%2Fv2%2Fcomments&post=89185"}],"version-history":[{"count":2,"href":"https:\/\/zonaroja.com.mx\/index.php?rest_route=\/wp\/v2\/posts\/89185\/revisions"}],"predecessor-version":[{"id":89205,"href":"https:\/\/zonaroja.com.mx\/index.php?rest_route=\/wp\/v2\/posts\/89185\/revisions\/89205"}],"wp:featuredmedia":[{"embeddable":true,"href":"https:\/\/zonaroja.com.mx\/index.php?rest_route=\/wp\/v2\/media\/89186"}],"wp:attachment":[{"href":"https:\/\/zonaroja.com.mx\/index.php?rest_route=%2Fwp%2Fv2%2Fmedia&parent=89185"}],"wp:term":[{"taxonomy":"category","embeddable":true,"href":"https:\/\/zonaroja.com.mx\/index.php?rest_route=%2Fwp%2Fv2%2Fcategories&post=89185"},{"taxonomy":"post_tag","embeddable":true,"href":"https:\/\/zonaroja.com.mx\/index.php?rest_route=%2Fwp%2Fv2%2Ftags&post=89185"}],"curies":[{"name":"wp","href":"https:\/\/api.w.org\/{rel}","templated":true}]}}