{"id":89188,"date":"2026-01-18T09:45:00","date_gmt":"2026-01-18T15:45:00","guid":{"rendered":"https:\/\/zonaroja.com.mx\/?p=89188"},"modified":"2026-01-18T06:27:29","modified_gmt":"2026-01-18T12:27:29","slug":"tensa-trump-europa-y-une-a-los-paises-en-su-contra","status":"publish","type":"post","link":"https:\/\/zonaroja.com.mx\/?p=89188","title":{"rendered":"Tensa Trump Europa\u2026 y une a los pa\u00edses en su contra"},"content":{"rendered":"\n<p>Redacci\u00f3n\/Zona Roja Cdmx.<\/p>\n\n\n\n<p>(Informaci\u00f3n de Pol\u00edtico.Mx)<\/p>\n\n\n\n<p>Ciudad de M\u00e9xico, a 18 de enero de 2025.- Los l\u00edderes europeos han respondido de forma contundente y unida a la escalada en el continente tras el anuncio del presidente de Estados Unidos, Donald Trump, quien este s\u00e1bado intensific\u00f3 su presi\u00f3n para adquirir Groenlandia amenazando con aranceles del 10% que aumentan a un 25%.<\/p>\n\n\n\n<p>De acuerdo con lo que ha planteado p\u00fablicamente, los aranceles ser\u00edan una represalia contra pa\u00edses europeos que rechazan su postura sobre Groenlandia, territorio aut\u00f3nomo de Dinamarca que Trump considera clave para los intereses de seguridad y recursos estrat\u00e9gicos de Estados Unidos.<\/p>\n\n\n\n<p>El presidente de Francia, Emmanuel Macron, fue uno de los m\u00e1s en\u00e9rgicos, calificando las amenazas arancelarias de \u201cinaceptables y sin cabida en este contexto\u201d. Macron subray\u00f3 que Francia est\u00e1 comprometida con la soberan\u00eda de las naciones y respalda plenamente la participaci\u00f3n en el ejercicio en Groenlandia.<\/p>\n\n\n\n<p>\u201cNinguna intimidaci\u00f3n ni amenaza podr\u00e1 influir sobre nosotros, ni en Ucrania, ni en Groenlandia, ni en ning\u00fan otro lugar del mundo&#8230; Los europeos responder\u00e1n de forma unida y coordinada si se confirman (las tarifas). Garantizamos el respeto de la soberan\u00eda europea\u201d, dijo el mandatario franc\u00e9s.<\/p>\n\n\n\n<p>POSTURA UNIFICADA<\/p>\n\n\n\n<p>Otros l\u00edderes europeos se sumaron al rechazo, enfatizando que Groenlandia es parte del Reino de Dinamarca y que las diferencias entre aliados deben resolverse mediante el di\u00e1logo, no la presi\u00f3n econ\u00f3mica.<\/p>\n\n\n\n<p>Keir Starmer, Primer Ministro del Reino Unido, calific\u00f3 de \u201cerr\u00f3neo\u201d aplicar aranceles a los aliados para garantizar la seguridad colectiva de la OTAN. Afirmando que la posici\u00f3n del Reino Unido sobre Groenlandia es muy clara.<\/p>\n\n\n\n<p>\u201cNuestra posici\u00f3n sobre Groenlandia es muy clara: es parte del Reino de Dinamarca y su futuro es un asunto de los groenlandeses y los daneses. Tambi\u00e9n hemos dejado claro que la seguridad del \u00c1rtico es importante para toda la OTAN y que los aliados deber\u00edan hacer m\u00e1s juntos para abordar la amenaza de Rusia en las diferentes partes del \u00c1rtico\u201d, destac\u00f3.<\/p>\n\n\n\n<p>Por su parte, el presidente de Finlandia, Alexander Stubb, advirti\u00f3 que los aranceles \u201cperjudicar\u00edan las relaciones transatl\u00e1nticas\u201d y podr\u00edan provocar una \u201cespiral negativa \u201d, asegurando que los pa\u00edses europeos est\u00e1n unidos en el respaldo a los principios de integridad territorial y soberan\u00eda.<\/p>\n\n\n\n<p>\u201cFortalecer la seguridad en el \u00c1rtico junto con los aliados es importante para Finlandia. Este es tambi\u00e9n el objetivo de las operaciones lideradas por Dinamarca y coordinadas por los aliados en Groenlandia\u201d, a\u00f1adi\u00f3.<\/p>\n\n\n\n<p>Asimismo, el Primer Ministro de Suecia, Ulf Kristersson, advirti\u00f3 que \u201cno se dejar\u00e1n chantajear\u201d como bloque. Adem\u00e1s sostuvo que solo Dinamarca y Groenlandia deciden sobre asuntos que les conciernen.<\/p>\n\n\n\n<p>\u201cNo nos dejaremos chantajear. Solo Dinamarca y Groenlandia deciden sobre asuntos que les conciernen. Siempre defender\u00e9 a mi pa\u00eds y a nuestros vecinos aliados. Este es un asunto de la UE que afecta a muchos m\u00e1s pa\u00edses que los que ahora se se\u00f1alan\u201d, sostuvo el ministro Sueco.<\/p>\n\n\n\n<p>Jonas Gahr, Primer Ministro de Noruega, reiter\u00f3 que \u201cLas amenazas no tienen cabida entre los aliados\u201d y que Noruega apoya firmemente la soberan\u00eda del Reino de Dinamarca.<\/p>\n\n\n\n<p>\u201cLas amenazas no tienen cabida entre los aliados. La postura de Noruega es firme: Groenlandia forma parte del Reino de Dinamarca. Noruega apoya plenamente la soberan\u00eda del Reino de Dinamarca. Existe un amplio consenso en la OTAN sobre la necesidad de reforzar la seguridad en el \u00c1rtico, incluida Groenlandia\u201d, subray\u00f3 Gahr.<\/p>\n\n\n\n<p>COMISI\u00d3N EUROPEA<\/p>\n\n\n\n<p>La presidenta de la Comisi\u00f3n Europea, Ursula von der Leyen, desde su posici\u00f3n como presidenta de la Uni\u00f3n Europea se solidariz\u00f3 con Dinamarca y el pueblo de Groenlandia. Adem\u00e1s, enfatiz\u00f3 que el di\u00e1logo sigue siendo esencial.<\/p>\n\n\n\n<p>\u201cLa UE se solidariza plenamente con Dinamarca y el pueblo de Groenlandia. El di\u00e1logo sigue siendo esencial y nos comprometemos a continuar el proceso iniciado la semana pasada entre el Reino de Dinamarca y Estados Unidos\u201d, mencion\u00f3.<\/p>\n\n\n\n<p>Por otra parte, subray\u00f3 que el ejercicio dan\u00e9s en el \u00c1rtico, coordinado con aliados, busca fortalecer la seguridad y \u201cno representa ninguna amenaza para nadie.\u201d<\/p>\n\n\n\n<p>Hasta el momento, el canciller alem\u00e1n Friedrich Merz y el primer ministro de Pa\u00edses Bajos, Dick Schoof no se han pronunciado a\u00fan sobre la amenaza arancelaria de la administraci\u00f3n Trump.<\/p>\n","protected":false},"excerpt":{"rendered":"<p>Redacci\u00f3n\/Zona Roja Cdmx. (Informaci\u00f3n de Pol\u00edtico.Mx) Ciudad de M\u00e9xico, a 18 de enero de 2025.-&hellip;<\/p>\n","protected":false},"author":2,"featured_media":89189,"comment_status":"closed","ping_status":"open","sticky":false,"template":"","format":"standard","meta":{"_lmt_disableupdate":"","_lmt_disable":"","_jetpack_memberships_contains_paid_content":false,"footnotes":""},"categories":[109,47],"tags":[1060,4636],"class_list":["post-89188","post","type-post","status-publish","format-standard","has-post-thumbnail","hentry","category-minuto-a-minuto","category-zona-gris","tag-donald-trump","tag-groenlandia"],"jetpack_featured_media_url":"https:\/\/zonaroja.com.mx\/wp-content\/uploads\/2026\/01\/Estados-Unidos-Union-Europea.jpg","jetpack_sharing_enabled":true,"_links":{"self":[{"href":"https:\/\/zonaroja.com.mx\/index.php?rest_route=\/wp\/v2\/posts\/89188","targetHints":{"allow":["GET"]}}],"collection":[{"href":"https:\/\/zonaroja.com.mx\/index.php?rest_route=\/wp\/v2\/posts"}],"about":[{"href":"https:\/\/zonaroja.com.mx\/index.php?rest_route=\/wp\/v2\/types\/post"}],"author":[{"embeddable":true,"href":"https:\/\/zonaroja.com.mx\/index.php?rest_route=\/wp\/v2\/users\/2"}],"replies":[{"embeddable":true,"href":"https:\/\/zonaroja.com.mx\/index.php?rest_route=%2Fwp%2Fv2%2Fcomments&post=89188"}],"version-history":[{"count":1,"href":"https:\/\/zonaroja.com.mx\/index.php?rest_route=\/wp\/v2\/posts\/89188\/revisions"}],"predecessor-version":[{"id":89190,"href":"https:\/\/zonaroja.com.mx\/index.php?rest_route=\/wp\/v2\/posts\/89188\/revisions\/89190"}],"wp:featuredmedia":[{"embeddable":true,"href":"https:\/\/zonaroja.com.mx\/index.php?rest_route=\/wp\/v2\/media\/89189"}],"wp:attachment":[{"href":"https:\/\/zonaroja.com.mx\/index.php?rest_route=%2Fwp%2Fv2%2Fmedia&parent=89188"}],"wp:term":[{"taxonomy":"category","embeddable":true,"href":"https:\/\/zonaroja.com.mx\/index.php?rest_route=%2Fwp%2Fv2%2Fcategories&post=89188"},{"taxonomy":"post_tag","embeddable":true,"href":"https:\/\/zonaroja.com.mx\/index.php?rest_route=%2Fwp%2Fv2%2Ftags&post=89188"}],"curies":[{"name":"wp","href":"https:\/\/api.w.org\/{rel}","templated":true}]}}