{"id":89191,"date":"2026-01-18T10:45:00","date_gmt":"2026-01-18T16:45:00","guid":{"rendered":"https:\/\/zonaroja.com.mx\/?p=89191"},"modified":"2026-01-18T06:45:29","modified_gmt":"2026-01-18T12:45:29","slug":"hoy-es-el-segundo-foro-de-discusion-sobre-revocacion-de-mandato-en-oaxaca","status":"publish","type":"post","link":"https:\/\/zonaroja.com.mx\/?p=89191","title":{"rendered":"Hoy es el Segundo Foro de Discusi\u00f3n sobre  Revocaci\u00f3n de Mandato en Oaxaca"},"content":{"rendered":"\n<p>Redacci\u00f3n\/Zona Roja.&nbsp;<\/p>\n\n\n\n<p>Oaxaca, Oax., a 18 de enero de 2026.- El Instituto Estatal Electoral y de Participaci\u00f3n Ciudadana de Oaxaca (IEEPCO) realizar\u00e1 este domingo 18 de enero, a las 18:00 horas, a trav\u00e9s de sus redes sociales institucionales, el Segundo Foro de Discusi\u00f3n sobre la Revocaci\u00f3n de Mandato, como parte de las acciones para fomentar la participaci\u00f3n ciudadana y el di\u00e1logo en torno a este ejercicio de democracia participativa.<\/p>\n\n\n\n<p>En este foro participar\u00e1n como panelistas a favor de la Revocaci\u00f3n de Mandato Mar\u00eda Guadalupe Blanco M\u00e9ndez y \u00c1ngel Disraeli Cruz Guti\u00e9rrez, este \u00faltimo en sustituci\u00f3n de Isidoro Yescas Mart\u00ednez.&nbsp;<\/p>\n\n\n\n<p>Por su parte, las posturas en contra de la revocaci\u00f3n del mandato de la persona titular de la Gubernatura del Estado estar\u00e1n representadas por Sara Zenaida Clavel Guzm\u00e1n y Marco Antonio Ba\u00f1os Avenda\u00f1o.<\/p>\n\n\n\n<p>Este segundo espacio de participaci\u00f3n ciudadana estar\u00e1 moderado por Julieta Lujambio y tiene como objetivo promover la participaci\u00f3n informada de la ciudadan\u00eda mediante la exposici\u00f3n de informaci\u00f3n, argumentos y reflexiones que contribuyan a un debate plural, equitativo e informado, permitiendo conocer las distintas posturas en torno a la Revocaci\u00f3n de Mandato.<\/p>\n\n\n\n<p>El foro se desarrollar\u00e1 en dos segmentos de preguntas y respuestas, as\u00ed como en un espacio adicional destinado a la presentaci\u00f3n de conclusiones, en relaci\u00f3n con la Revocaci\u00f3n de Mandato de la persona titular de la Gubernatura del Estado de Oaxaca para el periodo constitucional 2022\u20132028, cuya jornada se llevar\u00e1 a cabo el domingo 25 de enero.<\/p>\n\n\n\n<p>La ciudadan\u00eda podr\u00e1 seguir la transmisi\u00f3n en vivo a trav\u00e9s de las plataformas YouTube, Facebook y X del IEEPCO, as\u00ed como mediante m\u00e1s de 38 medios electr\u00f3nicos aliados. La transmisi\u00f3n contar\u00e1 con difusi\u00f3n en espa\u00f1ol y en las lenguas zapoteca, mixteca, mixe y mazateca, adem\u00e1s de interpretaci\u00f3n en Lengua de Se\u00f1as Mexicana, garantizando la accesibilidad y el derecho a la informaci\u00f3n.<\/p>\n\n\n\n<p>AVANCE PROCESO<\/p>\n\n\n\n<figure class=\"wp-block-embed is-type-rich is-provider-twitter wp-block-embed-twitter\"><div class=\"wp-block-embed__wrapper\">\n<div class=\"twitter-tweet\"><blockquote class=\"twitter-tweet\" data-lang=\"es\"><p lang=\"es\" dir=\"ltr\">Las papeletas y la documentaci\u00f3n para el ejercicio de la <a href=\"https:\/\/twitter.com\/hashtag\/Revocaci%C3%B3ndeMandato?src=hash&amp;ref_src=twsrc%5Etfw\">#Revocaci\u00f3ndeMandato<\/a> ya se encuentran en las sedes de los 25 Consejos Distritales del <a href=\"https:\/\/twitter.com\/hashtag\/IEEPCO?src=hash&amp;ref_src=twsrc%5Etfw\">#IEEPCO<\/a>. Con ello, concluye con \u00e9xito la etapa de distribuci\u00f3n. El domingo 25 de enero, ejerce tu derecho y vota. \ud83d\uddf3\ufe0f <a href=\"https:\/\/t.co\/5cGHVaJ2jF\">pic.twitter.com\/5cGHVaJ2jF<\/a><\/p>&mdash; IEEPCO (@IEEPCO) <a href=\"https:\/\/twitter.com\/IEEPCO\/status\/2012621559983231450?ref_src=twsrc%5Etfw\">17 de enero de 2026<\/a><\/blockquote><\/div>\n<\/div><\/figure>\n\n\n\n<p>Con la recepci\u00f3n de la tinta indeleble y de las listas nominales, el Instituto Estatal Electoral y de Participaci\u00f3n Ciudadana de Oaxaca (IEEPCO) avanza en tiempo y forma en la organizaci\u00f3n de la Jornada de Revocaci\u00f3n de Mandato, misma que se llevar\u00e1 a cabo el pr\u00f3ximo domingo 25 de enero en todo el estado de Oaxaca.<\/p>\n\n\n\n<p>Las listas nominales proporcionadas por el Instituto Nacional Electoral (INE) a trav\u00e9s de la Direcci\u00f3n Ejecutiva del Registro Federal de Electores en la ciudad de M\u00e9xico, fueron trasladadas a las instalaciones del IEEPCO bajo la observancia de la Oficial\u00eda Electoral y al igual que la tinta indeleble, son fundamentales para el correcto desarrollo de este mecanismo de participaci\u00f3n ciudadana.<\/p>\n\n\n\n<p>En la recepci\u00f3n de los materiales estuvieron presentes el consejero electoral Manuel Cort\u00e9s Muriedas y el secretario ejecutivo, Graciano Alejandro Prats Rojas, as\u00ed como personal de la Oficial\u00eda Electoral del IEEPCO quien da fe de estos actos.<\/p>\n\n\n\n<p>La Jornada de Revocaci\u00f3n de Mandato se realizar\u00e1 el pr\u00f3ximo domingo 25 de enero, en un horario de 8:00 de la ma\u00f1ana a 6:00 de la tarde, permitiendo a la ciudadan\u00eda oaxaque\u00f1a ejercer su derecho a opinar acerca de la pregunta: \u00bfEst\u00e1s de acuerdo en que a Salom\u00f3n Jara Cruz, Gobernador del Estado se le revoque el mandato por p\u00e9rdida de confianza o que siga en la Gubernatura hasta que termine el periodo?.<\/p>\n\n\n\n<p>Este ejercicio democr\u00e1tico se desarrollar\u00e1 en todo el territorio estatal, bajo los principios de legalidad, certeza, imparcialidad y transparencia.<\/p>\n\n\n\n<p>El IEEPCO invita a la ciudadan\u00eda a participar de manera informada y mantenerse atenta a sus plataformas institucionales, ya que conforme al calendario de organizaci\u00f3n, el pr\u00f3ximo 20 de enero se realizar\u00e1 la publicaci\u00f3n de la ubicaci\u00f3n e integraci\u00f3n de las Mesas Directivas de Casilla (MDC).<\/p>\n\n\n\n<p>Con lo anterior, el Instituto refrenda su compromiso con el fortalecimiento de la democracia y la participaci\u00f3n ciudadana en Oaxaca<\/p>\n","protected":false},"excerpt":{"rendered":"<p>Redacci\u00f3n\/Zona Roja.&nbsp; Oaxaca, Oax., a 18 de enero de 2026.- El Instituto Estatal Electoral y&hellip;<\/p>\n","protected":false},"author":2,"featured_media":89193,"comment_status":"closed","ping_status":"open","sticky":false,"template":"","format":"standard","meta":{"_lmt_disableupdate":"","_lmt_disable":"","_jetpack_memberships_contains_paid_content":false,"footnotes":""},"categories":[109,46],"tags":[2932,4512],"class_list":["post-89191","post","type-post","status-publish","format-standard","has-post-thumbnail","hentry","category-minuto-a-minuto","category-zona-blanca","tag-instituto-estatal-electoral-y-de-participacion-ciudadana-de-oaxaca-ieepco","tag-revocacion-de-mandato-oaxaca"],"jetpack_featured_media_url":"https:\/\/zonaroja.com.mx\/wp-content\/uploads\/2026\/01\/Revocacion-de-mandato-consulta.webp","jetpack_sharing_enabled":true,"_links":{"self":[{"href":"https:\/\/zonaroja.com.mx\/index.php?rest_route=\/wp\/v2\/posts\/89191","targetHints":{"allow":["GET"]}}],"collection":[{"href":"https:\/\/zonaroja.com.mx\/index.php?rest_route=\/wp\/v2\/posts"}],"about":[{"href":"https:\/\/zonaroja.com.mx\/index.php?rest_route=\/wp\/v2\/types\/post"}],"author":[{"embeddable":true,"href":"https:\/\/zonaroja.com.mx\/index.php?rest_route=\/wp\/v2\/users\/2"}],"replies":[{"embeddable":true,"href":"https:\/\/zonaroja.com.mx\/index.php?rest_route=%2Fwp%2Fv2%2Fcomments&post=89191"}],"version-history":[{"count":1,"href":"https:\/\/zonaroja.com.mx\/index.php?rest_route=\/wp\/v2\/posts\/89191\/revisions"}],"predecessor-version":[{"id":89194,"href":"https:\/\/zonaroja.com.mx\/index.php?rest_route=\/wp\/v2\/posts\/89191\/revisions\/89194"}],"wp:featuredmedia":[{"embeddable":true,"href":"https:\/\/zonaroja.com.mx\/index.php?rest_route=\/wp\/v2\/media\/89193"}],"wp:attachment":[{"href":"https:\/\/zonaroja.com.mx\/index.php?rest_route=%2Fwp%2Fv2%2Fmedia&parent=89191"}],"wp:term":[{"taxonomy":"category","embeddable":true,"href":"https:\/\/zonaroja.com.mx\/index.php?rest_route=%2Fwp%2Fv2%2Fcategories&post=89191"},{"taxonomy":"post_tag","embeddable":true,"href":"https:\/\/zonaroja.com.mx\/index.php?rest_route=%2Fwp%2Fv2%2Ftags&post=89191"}],"curies":[{"name":"wp","href":"https:\/\/api.w.org\/{rel}","templated":true}]}}