{"id":89198,"date":"2026-01-18T12:45:00","date_gmt":"2026-01-18T18:45:00","guid":{"rendered":"https:\/\/zonaroja.com.mx\/?p=89198"},"modified":"2026-01-18T08:50:54","modified_gmt":"2026-01-18T14:50:54","slug":"reforma-electoral-en-mexico-camino-para-fortalecer-democracia-amt","status":"publish","type":"post","link":"https:\/\/zonaroja.com.mx\/?p=89198","title":{"rendered":"Reforma Electoral en M\u00e9xico, camino para fortalecer democracia: AMT"},"content":{"rendered":"\n<p>Redacci\u00f3n\/Zona Roja.<\/p>\n\n\n\n<p>Oaxaca, Oax., a 18 de enero de 2026.- El senador por Oaxaca, Antonino Morales Toledo, manifest\u00f3 su apoyo total a la iniciativa de reforma electoral que impulsa la presidenta Claudia Sheinbaum Pardo, subrayando que su prop\u00f3sito es devolver el poder al pueblo y acabar con los privilegios de una clase pol\u00edtica que hizo de los cargos en el Poder Legislativo un \u00abmodus vivendi\u00bb.<\/p>\n\n\n\n<p>El legislador morenista destac\u00f3 que la propuesta, que se presentar\u00e1 formalmente en febrero, tiene objetivos irrenunciables: reducir radicalmente lo que la propia presidenta ha calificado como, \u00abuno de los procesos electorales m\u00e1s caros del mundo\u00bb, blindar el financiamiento de los partidos pol\u00edticos y fortalecer los mecanismos de democracia popular y participativa.<\/p>\n\n\n\n<p>\u00abEsta reforma no toca la autonom\u00eda del INE; toca los bolsillos de quienes lucran con la pol\u00edtica y abre las puertas a que el pueblo decida todos los cargos de su representaci\u00f3n\u00bb, afirm\u00f3.<\/p>\n\n\n\n<p>Morales Toledo se\u00f1al\u00f3 que la esencia de esta transformaci\u00f3n ya se est\u00e1 aplicando en Oaxaca. Cit\u00f3 como prueba el proceso de revocaci\u00f3n de mandato del gobernador Salom\u00f3n Jara Cruz, convocado para el pr\u00f3ximo 25 de enero.<\/p>\n\n\n\n<p>\u00abMientras la oposici\u00f3n inventa fantasmas sobre la reforma, en Oaxaca se materializa el principio de que &#8216;el pueblo pone y el pueblo quita&#8217;. Esta consulta, impulsada por un gobernador con verdadero compromiso popular, es el ejemplo perfecto de la democracia directa que queremos institucionalizar a nivel nacional con la reforma de la presidenta Sheinbaum\u00bb, declar\u00f3.<\/p>\n\n\n\n<p>El senador fue contundente al contrastar la iniciativa con el viejo r\u00e9gimen. \u00abSe acabaron los tiempos de los legisladores de escritorio impuestos por c\u00fapulas partidistas. La reforma asegura que quien aspire a una curul o esca\u00f1o tendr\u00e1 que tocar puertas, recorrer caminos y rendir cuentas. El pueblo mexicano ya no quiere intermediarios, quiere representantes que escuchen sus exigencias\u00bb, sentenci\u00f3.<\/p>\n\n\n\n<p>Finalmente, hizo un llamado a ver m\u00e1s all\u00e1 de la campa\u00f1a del miedo de los opositores. \u00abSu oposici\u00f3n no es por principios, es para proteger sus privilegios. Nosotros, con la reforma y con actos como la revocaci\u00f3n en Oaxaca, estamos cumpliendo el compromiso de la Cuarta Transformaci\u00f3n: con el pueblo todo, sin el pueblo nada\u00bb, concluy\u00f3.<\/p>\n","protected":false},"excerpt":{"rendered":"<p>Redacci\u00f3n\/Zona Roja. Oaxaca, Oax., a 18 de enero de 2026.- El senador por Oaxaca, Antonino&hellip;<\/p>\n","protected":false},"author":2,"featured_media":83191,"comment_status":"closed","ping_status":"open","sticky":false,"template":"","format":"standard","meta":{"_lmt_disableupdate":"","_lmt_disable":"","_jetpack_memberships_contains_paid_content":false,"footnotes":""},"categories":[109,47],"tags":[180],"class_list":["post-89198","post","type-post","status-publish","format-standard","has-post-thumbnail","hentry","category-minuto-a-minuto","category-zona-gris","tag-antonino-morales-toledo"],"jetpack_featured_media_url":"https:\/\/zonaroja.com.mx\/wp-content\/uploads\/2025\/08\/Antonino-Morales-T.jpg","jetpack_sharing_enabled":true,"_links":{"self":[{"href":"https:\/\/zonaroja.com.mx\/index.php?rest_route=\/wp\/v2\/posts\/89198","targetHints":{"allow":["GET"]}}],"collection":[{"href":"https:\/\/zonaroja.com.mx\/index.php?rest_route=\/wp\/v2\/posts"}],"about":[{"href":"https:\/\/zonaroja.com.mx\/index.php?rest_route=\/wp\/v2\/types\/post"}],"author":[{"embeddable":true,"href":"https:\/\/zonaroja.com.mx\/index.php?rest_route=\/wp\/v2\/users\/2"}],"replies":[{"embeddable":true,"href":"https:\/\/zonaroja.com.mx\/index.php?rest_route=%2Fwp%2Fv2%2Fcomments&post=89198"}],"version-history":[{"count":1,"href":"https:\/\/zonaroja.com.mx\/index.php?rest_route=\/wp\/v2\/posts\/89198\/revisions"}],"predecessor-version":[{"id":89199,"href":"https:\/\/zonaroja.com.mx\/index.php?rest_route=\/wp\/v2\/posts\/89198\/revisions\/89199"}],"wp:featuredmedia":[{"embeddable":true,"href":"https:\/\/zonaroja.com.mx\/index.php?rest_route=\/wp\/v2\/media\/83191"}],"wp:attachment":[{"href":"https:\/\/zonaroja.com.mx\/index.php?rest_route=%2Fwp%2Fv2%2Fmedia&parent=89198"}],"wp:term":[{"taxonomy":"category","embeddable":true,"href":"https:\/\/zonaroja.com.mx\/index.php?rest_route=%2Fwp%2Fv2%2Fcategories&post=89198"},{"taxonomy":"post_tag","embeddable":true,"href":"https:\/\/zonaroja.com.mx\/index.php?rest_route=%2Fwp%2Fv2%2Ftags&post=89198"}],"curies":[{"name":"wp","href":"https:\/\/api.w.org\/{rel}","templated":true}]}}