{"id":89200,"date":"2026-01-18T12:15:00","date_gmt":"2026-01-18T18:15:00","guid":{"rendered":"https:\/\/zonaroja.com.mx\/?p=89200"},"modified":"2026-01-18T07:09:38","modified_gmt":"2026-01-18T13:09:38","slug":"reconoceran-en-espana-a-lila-downs-con-el-premio-la-mar-de-musicas-2026","status":"publish","type":"post","link":"https:\/\/zonaroja.com.mx\/?p=89200","title":{"rendered":"Reconocer\u00e1n en Espa\u00f1a a Lila Downs con el premio La Mar de M\u00fasicas 2026"},"content":{"rendered":"\n<p>Lisbeth Mej\u00eda Reyes\/Zona Roja.<\/p>\n\n\n\n<p>Oaxaca, Oax., a 18 de enero de 2026.- Por considerarla \u00abuna de las voces m\u00e1s influyentes y comprometidas de la m\u00fasica iberoamericana\u00bb, la cantante oaxaque\u00f1a Lila Downs ser\u00e1 reconocida con el premio La Mar de M\u00fasicas 2026, que otorga el ayuntamiento de Cartagena, Espa\u00f1a, como parte del festival del mismo nombre.<\/p>\n\n\n\n<p>La tambi\u00e9n ganadora de tres premios Latin Grammy (2014, 2019 y 2024) recibir\u00e1 el galard\u00f3n el 20 de julio, durante la pr\u00f3xima edici\u00f3n del festival.<\/p>\n\n\n\n<p>Al citar a la alcaldesa Noelia Arroyo, el ayuntamiento de Cartagena explic\u00f3 que este es el galard\u00f3n \u00abcon el que el certamen distingue cada a\u00f1o a artistas que han contribuido de manera decisiva a tender puentes culturales entre pa\u00edses y tradiciones musicales\u00bb.<\/p>\n\n\n\n<p>El anuncio de la premiaci\u00f3n fue el pasado 14 de enero, y en su bolet\u00edn el festival y el ayuntamiento se\u00f1alaron que Downs cuenta con una trayectoria internacional consolidada en la que tambi\u00e9n \u00abha construido una obra singular en la que conviven la m\u00fasica popular mexicana, los sonidos ind\u00edgenas, el folk, el jazz y las m\u00fasicas del mundo, siempre desde una mirada profundamente personal y socialmente comprometida\u00bb.&nbsp;<\/p>\n\n\n\n<p>\u00abSu trabajo ha sido clave para visibilizar las culturas originarias, la diversidad ling\u00fc\u00edstica y la defensa de los derechos humanos, especialmente de las mujeres y de los pueblos ind\u00edgenas\u201d seg\u00fan las palabras de la alcaldesa Noelia Arroyo.<\/p>\n\n\n\n<p>Sobre la cantautora nacida en Tlaxiaco, Oaxaca, el ayuntamiento destac\u00f3 que \u00absu ra\u00edz ind\u00edgena, mestiza y mexicanoamericana ha impregnado una m\u00fasica que ha sabido convertir en veh\u00edculo de identidad liberadora, conectando pasado milenario con presente global. En ella se funde la herencia de sus padres \u2014madre mixteca y padre estadounidense\u2014, que interpreta con su voz transformadora en castellano, mixteco, zapoteco, maya, pur\u00e9pecha e ingl\u00e9s, actualizada con elementos del jazz y el folclor mexicano\u00bb.<\/p>\n\n\n\n<p>Adem\u00e1s de su trayectoria art\u00edstica, el festival y el ayuntamiento han destacado la labor altruista de la cantante por el apoyo a la recaudaci\u00f3n anual de fondos para la fundaci\u00f3n Guadalupe Musalem. Asimilar, resalt\u00f3 c\u00f3mo sus atuendos han reivindicado \u00abla identidad ind\u00edgena en M\u00e9xico\u00bb.<\/p>\n\n\n\n<p>Antes de la cantante de, otros artistas que han Sido reconocidos con el premio La Mar de M\u00fasicas son: Oumou Sangar\u00e9, Susana Baca, Omara Portuondo, Gino Paoli, Cheick L\u00f4, Pablo Milan\u00e9s, Tot\u00f3 la Momposina, Salif Keita, Jorge Drexler,Youssou N\u00b4Dour, Rub\u00e9n Blades, Eliades Ochoa y Toquinho.<\/p>\n","protected":false},"excerpt":{"rendered":"<p>Lisbeth Mej\u00eda Reyes\/Zona Roja. Oaxaca, Oax., a 18 de enero de 2026.- Por considerarla \u00abuna&hellip;<\/p>\n","protected":false},"author":2,"featured_media":89201,"comment_status":"closed","ping_status":"open","sticky":false,"template":"","format":"standard","meta":{"_lmt_disableupdate":"","_lmt_disable":"","_jetpack_memberships_contains_paid_content":false,"footnotes":""},"categories":[109,46],"tags":[1594],"class_list":["post-89200","post","type-post","status-publish","format-standard","has-post-thumbnail","hentry","category-minuto-a-minuto","category-zona-blanca","tag-lila-downs"],"jetpack_featured_media_url":"https:\/\/zonaroja.com.mx\/wp-content\/uploads\/2026\/01\/Lila-Downs.jpg","jetpack_sharing_enabled":true,"_links":{"self":[{"href":"https:\/\/zonaroja.com.mx\/index.php?rest_route=\/wp\/v2\/posts\/89200","targetHints":{"allow":["GET"]}}],"collection":[{"href":"https:\/\/zonaroja.com.mx\/index.php?rest_route=\/wp\/v2\/posts"}],"about":[{"href":"https:\/\/zonaroja.com.mx\/index.php?rest_route=\/wp\/v2\/types\/post"}],"author":[{"embeddable":true,"href":"https:\/\/zonaroja.com.mx\/index.php?rest_route=\/wp\/v2\/users\/2"}],"replies":[{"embeddable":true,"href":"https:\/\/zonaroja.com.mx\/index.php?rest_route=%2Fwp%2Fv2%2Fcomments&post=89200"}],"version-history":[{"count":1,"href":"https:\/\/zonaroja.com.mx\/index.php?rest_route=\/wp\/v2\/posts\/89200\/revisions"}],"predecessor-version":[{"id":89202,"href":"https:\/\/zonaroja.com.mx\/index.php?rest_route=\/wp\/v2\/posts\/89200\/revisions\/89202"}],"wp:featuredmedia":[{"embeddable":true,"href":"https:\/\/zonaroja.com.mx\/index.php?rest_route=\/wp\/v2\/media\/89201"}],"wp:attachment":[{"href":"https:\/\/zonaroja.com.mx\/index.php?rest_route=%2Fwp%2Fv2%2Fmedia&parent=89200"}],"wp:term":[{"taxonomy":"category","embeddable":true,"href":"https:\/\/zonaroja.com.mx\/index.php?rest_route=%2Fwp%2Fv2%2Fcategories&post=89200"},{"taxonomy":"post_tag","embeddable":true,"href":"https:\/\/zonaroja.com.mx\/index.php?rest_route=%2Fwp%2Fv2%2Ftags&post=89200"}],"curies":[{"name":"wp","href":"https:\/\/api.w.org\/{rel}","templated":true}]}}