{"id":89203,"date":"2026-01-18T12:45:00","date_gmt":"2026-01-18T18:45:00","guid":{"rendered":"https:\/\/zonaroja.com.mx\/?p=89203"},"modified":"2026-01-18T07:12:04","modified_gmt":"2026-01-18T13:12:04","slug":"ataque-militar-de-estados-unidos-en-venezuela-dano-463-viviendas","status":"publish","type":"post","link":"https:\/\/zonaroja.com.mx\/?p=89203","title":{"rendered":"Ataque militar de Estados Unidos en Venezuela da\u00f1\u00f3 463 viviendas"},"content":{"rendered":"\n<p>Redacci\u00f3n\/Zona Roja Cdmx.<\/p>\n\n\n\n<p>(Informaci\u00f3n de \u201cLa Jornada\u201d)<\/p>\n\n\n\n<p>Ciudad de M\u00e9xico, a 18 de enero de 2026.- La agresi\u00f3n militar perpetrada por Estados Unidos contra Venezuela el 3 de enero gener\u00f3 da\u00f1os en al menos 463 apartamentos ubicados en el conjunto urbano Ciudad Tiuna, inform\u00f3 ayer la presidenta encargada Delcy Rodr\u00edguez. Se trata de un desarrollo habitacional en Caracas creado por el presidente Hugo Ch\u00e1vez en 2009 sobre terrenos cedidos de los espacios del Fuerte Tiuna, el mayor complejo militar del pa\u00eds.<\/p>\n\n\n\n<p>Los bombardeos estadunidenses, que produjeron cerca de 100 muertos y un n\u00famero superior de heridos, se concentraron en el Fuerte Tiuna, toda vez que la residencia del presidente Nicol\u00e1s Maduro se encuentra dentro de los l\u00edmites de estas instalaciones.<\/p>\n\n\n\n<p>Delcy Rodr\u00edguez visit\u00f3 la comuna Hero\u00ednas de la Patria, en Ciudad Tiuna, para supervisar una jornada de atenci\u00f3n social para sus habitantes, que incluy\u00f3 distribuci\u00f3n de alimentos, servicios de salud y actividades recreativas para los ni\u00f1os. Desde all\u00ed, gir\u00f3 instrucciones para que de manera inmediata se procediera con la recuperaci\u00f3n de las viviendas afectadas por la agresi\u00f3n.<\/p>\n\n\n\n<p>La presidenta encargada tambi\u00e9n se refiri\u00f3 a los fondos soberanos que, seg\u00fan anunci\u00f3 el pasado jueves, ser\u00e1n creados para manejar los ingresos que Venezuela reciba por la venta de petr\u00f3leo, en el marco de los acuerdos alcanzados con Estados Unidos luego del bloqueo mar\u00edtimo implementado en diciembre y el ataque militar del 3 de enero.<\/p>\n\n\n\n<p>Se\u00f1al\u00f3 que todos los ingresos y egresos ser\u00e1n comunicados y dej\u00f3 entrever que el pa\u00eds no ha percibido este dinero, aun cuando el presidente de Estados Unidos, Donald Trump, anunci\u00f3 hace una semana que se hab\u00eda acordado vender al menos 50 millones de barriles de crudo venezolano.<\/p>\n\n\n\n<p>\u201cEn su momento, cuando empiecen a ingresar los dividendos de la venta del petr\u00f3leo, nosotros iremos informando cu\u00e1nto hay en el fondo; el pueblo venezolano debe saber y vamos a informar tambi\u00e9n en qu\u00e9 se va a gastar en los fondos soberanos para las \u00e1reas que ya hemos mencionado\u201d, explic\u00f3 Rodr\u00edguez.<\/p>\n\n\n\n<p>MOVIMIENTOS EN GABINETE<\/p>\n\n\n\n<p>Delcy Rodr\u00edguez anunci\u00f3 la noche del viernes varios cambios en el equipo ministerial del gobierno bolivariano, de los cuales el m\u00e1s llamativo tiene que ver con la salida de \u00c1lex Saab del ministerio de Industrias. \u201cAsumir\u00e1 nuevas responsabilidades\u201d, afirm\u00f3 la mandataria, sin especificar cu\u00e1les.<\/p>\n\n\n\n<p>Saab es un personaje muy conocido debido a su captura por Estados Unidos en 2020 en Cabo Verde, donde el avi\u00f3n que viajaba hizo una parada para repostar. El empresario de origen colombiano y nacionalizado venezolano fung\u00eda como enviado especial del gobierno venezolano para realizar gestiones en otros pa\u00edses que ten\u00edan que ver con el suministro de alimentos, combustibles y otros bienes a una Venezuela sancionada y bloqueada por Estados Unidos, Europa y otros pa\u00edses. En esa ocasi\u00f3n, al ser detenido y trasladado a suelo estadunidense, se le acus\u00f3 de formar parte de una supuesta red de corrupci\u00f3n liderada por Nicol\u00e1s Maduro.<\/p>\n\n\n\n<p>Sin embargo, menos de dos a\u00f1os despu\u00e9s, volvi\u00f3 a Venezuela como parte de un intercambio de prisioneros negociado entre Caracas y la administraci\u00f3n de Joe Biden. Saab se incorpor\u00f3 al gabinete ministerial en la cartera de Comercio Internacional y m\u00e1s tarde asumi\u00f3 el despacho de Industrias.<\/p>\n\n\n\n<p>Ahora, Rodr\u00edguez fusion\u00f3 ese ministerio con el de Comercio y dej\u00f3 al frente al ministro Luis Villegas. Otros nombramientos anunciados el viernes son el de Miguel \u00c1ngel P\u00e9rez Pirela, comunicador y escritor, quien asume el ministerio de Comunicaci\u00f3n en sustituci\u00f3n de Freddy \u00d1\u00e1\u00f1ez, que a su vez pas\u00f3 a liderar la cartera de Ecosocialismo. Este \u00faltimo cargo lo ocupaba desde hace una semana An\u00edbal Coronado, antiguo jefe de despacho de Maduro que ahora asumir\u00e1 el ministerio de Transporte.<\/p>\n","protected":false},"excerpt":{"rendered":"<p>Redacci\u00f3n\/Zona Roja Cdmx. (Informaci\u00f3n de \u201cLa Jornada\u201d) Ciudad de M\u00e9xico, a 18 de enero de&hellip;<\/p>\n","protected":false},"author":2,"featured_media":88681,"comment_status":"closed","ping_status":"open","sticky":false,"template":"","format":"standard","meta":{"_lmt_disableupdate":"","_lmt_disable":"","_jetpack_memberships_contains_paid_content":false,"footnotes":""},"categories":[109,47],"tags":[4614],"class_list":["post-89203","post","type-post","status-publish","format-standard","has-post-thumbnail","hentry","category-minuto-a-minuto","category-zona-gris","tag-ataque-a-venezuela"],"jetpack_featured_media_url":"https:\/\/zonaroja.com.mx\/wp-content\/uploads\/2026\/01\/Ataques-EU-a-Venezuela.jpg.webp","jetpack_sharing_enabled":true,"_links":{"self":[{"href":"https:\/\/zonaroja.com.mx\/index.php?rest_route=\/wp\/v2\/posts\/89203","targetHints":{"allow":["GET"]}}],"collection":[{"href":"https:\/\/zonaroja.com.mx\/index.php?rest_route=\/wp\/v2\/posts"}],"about":[{"href":"https:\/\/zonaroja.com.mx\/index.php?rest_route=\/wp\/v2\/types\/post"}],"author":[{"embeddable":true,"href":"https:\/\/zonaroja.com.mx\/index.php?rest_route=\/wp\/v2\/users\/2"}],"replies":[{"embeddable":true,"href":"https:\/\/zonaroja.com.mx\/index.php?rest_route=%2Fwp%2Fv2%2Fcomments&post=89203"}],"version-history":[{"count":1,"href":"https:\/\/zonaroja.com.mx\/index.php?rest_route=\/wp\/v2\/posts\/89203\/revisions"}],"predecessor-version":[{"id":89204,"href":"https:\/\/zonaroja.com.mx\/index.php?rest_route=\/wp\/v2\/posts\/89203\/revisions\/89204"}],"wp:featuredmedia":[{"embeddable":true,"href":"https:\/\/zonaroja.com.mx\/index.php?rest_route=\/wp\/v2\/media\/88681"}],"wp:attachment":[{"href":"https:\/\/zonaroja.com.mx\/index.php?rest_route=%2Fwp%2Fv2%2Fmedia&parent=89203"}],"wp:term":[{"taxonomy":"category","embeddable":true,"href":"https:\/\/zonaroja.com.mx\/index.php?rest_route=%2Fwp%2Fv2%2Fcategories&post=89203"},{"taxonomy":"post_tag","embeddable":true,"href":"https:\/\/zonaroja.com.mx\/index.php?rest_route=%2Fwp%2Fv2%2Ftags&post=89203"}],"curies":[{"name":"wp","href":"https:\/\/api.w.org\/{rel}","templated":true}]}}