{"id":89206,"date":"2026-01-18T18:46:24","date_gmt":"2026-01-19T00:46:24","guid":{"rendered":"https:\/\/zonaroja.com.mx\/?p=89206"},"modified":"2026-01-18T18:47:17","modified_gmt":"2026-01-19T00:47:17","slug":"exige-ong-aparicion-con-vida-de-sindico-de-loma-bonita-oaxaca","status":"publish","type":"post","link":"https:\/\/zonaroja.com.mx\/?p=89206","title":{"rendered":"Exige ONG aparici\u00f3n con vida de s\u00edndico de Loma Bonita, Oaxaca"},"content":{"rendered":"\n<p>Raymundo Morales\/Zona Roja.<\/p>\n\n\n\n<p>Oaxaca, Oax., a 18 de enero de 2026.- A m\u00e1s de dos a\u00f1os de la desaparici\u00f3n forzada del s\u00edndico municipal de Loma Bonita, Oaxaca, V\u00edctor Alberto Moreno Tello, la Fiscal\u00eda General de Justicia del Estado no ha dado con su paradero ni a esclarecido los hechos, se\u00f1al\u00f3 el Centro de Derechos Humanos y Asesor\u00eda a Pueblos Ind\u00edgenas.<\/p>\n\n\n\n<p>El d\u00eda 28 de junio del 2023, aproximadamente a las 11:30 de la ma\u00f1ana, el entonces s\u00edndico fue desaparecido en pleno centro de la ciudad&nbsp; de Loma Bonita, en el momento en que se encontraba en un taller de talacher\u00eda ubicado&nbsp; sobre bulevar 16 de septiembre.<\/p>\n\n\n\n<p>Lleg\u00f3 a ese lugar para cambiar las balatas de su camioneta marca Toyota Highlander modelo 2016, con placas de circulaci\u00f3n YHY-254-A, lo acompa\u00f1aba Felisa del Carmen Miranda Pacheco, quien ten\u00eda el cargo de Regidora de Obras Publicas del municipio de Loma Bonita.<\/p>\n\n\n\n<p>En el momento que pretend\u00edan dirigirse a una comunidad por motivos de trabajo, una persona del sexo masculino le toco el cristal de la ventana y oblig\u00f3 al s\u00edndico municipal a salir de su veh\u00edculo y se lo llev\u00f3, por lo que la regidora inmediatamente dio aviso al presidente municipal de ese entonces, Luciano S\u00e1nchez Gama, sin que \u00e9ste all\u00e1 hecho absolutamente nada para poder localizarlo.<\/p>\n\n\n\n<p>Se dio aviso al Ministerio P\u00fablico por parte de los familiares de la persona desaparecida sin que hasta el momento se tenga un resultado positivo en las investigaciones.<\/p>\n\n\n\n<p>\u201cEsta desaparici\u00f3n&nbsp;fue efectuada por grupos delictivos de la zona con aquiescencia del presidente municipal de Loma Bonita y de las autoridades estatales; han transcurrido mas de dos a\u00f1os y medio sin que se haya efectuado una debida b\u00fasqueda\u201d, agrego Cedhapi.<\/p>\n\n\n\n<p>Por lo cual, familiares del s\u00edndico municipal V\u00edctor Alberto Moreno Tello y el Centro de Derechos Humanos y Asesor\u00eda a Pueblos Ind\u00edgenas A.C. demandan que se d\u00e9 una investigaci\u00f3n de los responsables materiales e intelectuales de dicha desaparici\u00f3n, para dar con el paradero del entonces funcionario municipal.<\/p>\n\n\n\n<p>El comunicado de este caso lo firman &nbsp;Ana Abigail Tello Ortiz, .adre de V\u00edctor A. Moreno Tello; H\u00e9ctor Miguel Moreno Tello, su hermano, y el presidente del Cedhapi, Maurilio Santiago Reyes.<\/p>\n","protected":false},"excerpt":{"rendered":"<p>Raymundo Morales\/Zona Roja. Oaxaca, Oax., a 18 de enero de 2026.- A m\u00e1s de dos&hellip;<\/p>\n","protected":false},"author":2,"featured_media":89208,"comment_status":"closed","ping_status":"open","sticky":false,"template":"","format":"standard","meta":{"_lmt_disableupdate":"","_lmt_disable":"","_jetpack_memberships_contains_paid_content":false,"footnotes":""},"categories":[109,47],"tags":[230,4638],"class_list":["post-89206","post","type-post","status-publish","format-standard","has-post-thumbnail","hentry","category-minuto-a-minuto","category-zona-gris","tag-cedhapi","tag-victor-alberto-moreno-tello"],"jetpack_featured_media_url":"https:\/\/zonaroja.com.mx\/wp-content\/uploads\/2026\/01\/Victor-Alberto-Moreno-Tello.jpg","jetpack_sharing_enabled":true,"_links":{"self":[{"href":"https:\/\/zonaroja.com.mx\/index.php?rest_route=\/wp\/v2\/posts\/89206","targetHints":{"allow":["GET"]}}],"collection":[{"href":"https:\/\/zonaroja.com.mx\/index.php?rest_route=\/wp\/v2\/posts"}],"about":[{"href":"https:\/\/zonaroja.com.mx\/index.php?rest_route=\/wp\/v2\/types\/post"}],"author":[{"embeddable":true,"href":"https:\/\/zonaroja.com.mx\/index.php?rest_route=\/wp\/v2\/users\/2"}],"replies":[{"embeddable":true,"href":"https:\/\/zonaroja.com.mx\/index.php?rest_route=%2Fwp%2Fv2%2Fcomments&post=89206"}],"version-history":[{"count":1,"href":"https:\/\/zonaroja.com.mx\/index.php?rest_route=\/wp\/v2\/posts\/89206\/revisions"}],"predecessor-version":[{"id":89207,"href":"https:\/\/zonaroja.com.mx\/index.php?rest_route=\/wp\/v2\/posts\/89206\/revisions\/89207"}],"wp:featuredmedia":[{"embeddable":true,"href":"https:\/\/zonaroja.com.mx\/index.php?rest_route=\/wp\/v2\/media\/89208"}],"wp:attachment":[{"href":"https:\/\/zonaroja.com.mx\/index.php?rest_route=%2Fwp%2Fv2%2Fmedia&parent=89206"}],"wp:term":[{"taxonomy":"category","embeddable":true,"href":"https:\/\/zonaroja.com.mx\/index.php?rest_route=%2Fwp%2Fv2%2Fcategories&post=89206"},{"taxonomy":"post_tag","embeddable":true,"href":"https:\/\/zonaroja.com.mx\/index.php?rest_route=%2Fwp%2Fv2%2Ftags&post=89206"}],"curies":[{"name":"wp","href":"https:\/\/api.w.org\/{rel}","templated":true}]}}