{"id":89209,"date":"2026-01-18T18:59:06","date_gmt":"2026-01-19T00:59:06","guid":{"rendered":"https:\/\/zonaroja.com.mx\/?p=89209"},"modified":"2026-01-18T18:59:07","modified_gmt":"2026-01-19T00:59:07","slug":"obra-de-pintor-de-san-juan-colorado-representara-la-guelaguetza-2026","status":"publish","type":"post","link":"https:\/\/zonaroja.com.mx\/?p=89209","title":{"rendered":"Obra de pintor de San Juan Colorado representar\u00e1 la Guelaguetza 2026"},"content":{"rendered":"\n<p>Redacci\u00f3n\/Zona Roja.&nbsp;<\/p>\n\n\n\n<p>Oaxaca, Oax., a 18 de enero de 2026.-&nbsp;El Gobierno del Estado de Oaxaca dio a conocer la imagen oficial de la edici\u00f3n 94 de la Guelaguetza, una de las celebraciones culturales m\u00e1s importantes de M\u00e9xico y del mundo, que en 2026 estar\u00e1 representada por la obra \u201cSinfon\u00eda de Colores\u201d.<\/p>\n\n\n\n<p>La imagen fue creada por el artista Noel G\u00f3mez Lorenzo, originario de San Juan Colorado, quien result\u00f3 ganador del concurso en el que participaron 41 obras de creadoras y creadores oaxaque\u00f1os.<\/p>\n\n\n\n<p>\u201cSinfon\u00eda de Colores\u201d es una pieza de 70 por 100 cent\u00edmetros, realizada en \u00f3leo sobre tela y en estilo realista. En ella se celebra a la Guelaguetza no solo como una fiesta, sino como un acto profundo de identidad, intercambio y memoria colectiva del pueblo oaxaque\u00f1o.<\/p>\n\n\n\n<p>En la composici\u00f3n, mujeres y hombres danzantes ocupan el centro de la escena; sus vestidos tradicionales, abiertos como abanicos de color, simbolizan la diversidad cultural de las ocho regiones del estado. La m\u00fasica convoca a la danza, al encuentro y a la vida comunitaria, elementos esenciales de esta celebraci\u00f3n ancestral.<\/p>\n\n\n\n<p>Con base en la convocatoria, el autor de la obra recibir\u00e1 un reconocimiento por parte de la Secretar\u00eda de Turismo (Sectur Oaxaca), se garantizar\u00e1 su participaci\u00f3n en la exposici\u00f3n colectiva Pinceladas de Tradici\u00f3n durante Julio, Mes de la Guelaguetza 2026; as\u00ed como un apoyo que se entregar\u00e1 al finalizar la 94 edici\u00f3n de esta m\u00e1xima fiesta.<\/p>\n","protected":false},"excerpt":{"rendered":"<p>Redacci\u00f3n\/Zona Roja.&nbsp; Oaxaca, Oax., a 18 de enero de 2026.-&nbsp;El Gobierno del Estado de Oaxaca&hellip;<\/p>\n","protected":false},"author":2,"featured_media":89210,"comment_status":"closed","ping_status":"open","sticky":false,"template":"","format":"standard","meta":{"_lmt_disableupdate":"","_lmt_disable":"","_jetpack_memberships_contains_paid_content":false,"footnotes":""},"categories":[109,46],"tags":[4639],"class_list":["post-89209","post","type-post","status-publish","format-standard","has-post-thumbnail","hentry","category-minuto-a-minuto","category-zona-blanca","tag-guelaguetza-oaxaca-2026"],"jetpack_featured_media_url":"https:\/\/zonaroja.com.mx\/wp-content\/uploads\/2026\/01\/Imagen-oficial-de-la-Guelaguetza-2026.jpg","jetpack_sharing_enabled":true,"_links":{"self":[{"href":"https:\/\/zonaroja.com.mx\/index.php?rest_route=\/wp\/v2\/posts\/89209","targetHints":{"allow":["GET"]}}],"collection":[{"href":"https:\/\/zonaroja.com.mx\/index.php?rest_route=\/wp\/v2\/posts"}],"about":[{"href":"https:\/\/zonaroja.com.mx\/index.php?rest_route=\/wp\/v2\/types\/post"}],"author":[{"embeddable":true,"href":"https:\/\/zonaroja.com.mx\/index.php?rest_route=\/wp\/v2\/users\/2"}],"replies":[{"embeddable":true,"href":"https:\/\/zonaroja.com.mx\/index.php?rest_route=%2Fwp%2Fv2%2Fcomments&post=89209"}],"version-history":[{"count":1,"href":"https:\/\/zonaroja.com.mx\/index.php?rest_route=\/wp\/v2\/posts\/89209\/revisions"}],"predecessor-version":[{"id":89211,"href":"https:\/\/zonaroja.com.mx\/index.php?rest_route=\/wp\/v2\/posts\/89209\/revisions\/89211"}],"wp:featuredmedia":[{"embeddable":true,"href":"https:\/\/zonaroja.com.mx\/index.php?rest_route=\/wp\/v2\/media\/89210"}],"wp:attachment":[{"href":"https:\/\/zonaroja.com.mx\/index.php?rest_route=%2Fwp%2Fv2%2Fmedia&parent=89209"}],"wp:term":[{"taxonomy":"category","embeddable":true,"href":"https:\/\/zonaroja.com.mx\/index.php?rest_route=%2Fwp%2Fv2%2Fcategories&post=89209"},{"taxonomy":"post_tag","embeddable":true,"href":"https:\/\/zonaroja.com.mx\/index.php?rest_route=%2Fwp%2Fv2%2Ftags&post=89209"}],"curies":[{"name":"wp","href":"https:\/\/api.w.org\/{rel}","templated":true}]}}