{"id":89212,"date":"2026-01-18T20:01:28","date_gmt":"2026-01-19T02:01:28","guid":{"rendered":"https:\/\/zonaroja.com.mx\/?p=89212"},"modified":"2026-01-18T20:01:30","modified_gmt":"2026-01-19T02:01:30","slug":"mujer-se-llevo-a-su-hijo-sin-tener-la-custodia-la-detuvieron-en-la-cdmx","status":"publish","type":"post","link":"https:\/\/zonaroja.com.mx\/?p=89212","title":{"rendered":"Mujer se llev\u00f3 a su hijo sin tener la custodia; la detuvieron en la Cdmx"},"content":{"rendered":"\n<p>Redacci\u00f3n\/Zona Roja.&nbsp;<\/p>\n\n\n\n<p>Oaxaca, Oax., a 18 de enero de 2026.- Tras una serie de exhaustivas diligencias de investigaci\u00f3n, la Fiscal\u00eda General del Estado de Oaxaca (FGEO), en colaboraci\u00f3n con la Fiscal\u00eda General de Justicia de la Ciudad de M\u00e9xico, logr\u00f3 ejecutar una orden de aprehensi\u00f3n contra una persona del sexo femenino identificada como M.A.G., por el delito de sustracci\u00f3n de menores, en agravio de su hijo menor de edad, cometido en la regi\u00f3n de la Sierra de Flores Mag\u00f3n.<\/p>\n\n\n\n<p>La detenci\u00f3n se llev\u00f3 a cabo en la calle Digna Ochoa de la colonia Doctores, alcald\u00eda Cuauht\u00e9moc de la Ciudad de M\u00e9xico, mediante un operativo coordinado de efectivos de la Agencia Estatal de Investigaciones de Oaxaca con el Grupo de Aprehensiones de la Polic\u00eda de Investigaci\u00f3n de la Ciudad de M\u00e9xico.<\/p>\n\n\n\n<p>De acuerdo con la carpeta de investigaci\u00f3n, el 15 de agosto de 2024, cuando el padre del menor de edad (cuya identidad es reservada por ley), al notar las condiciones de vulnerabilidad en las que se encontraba su hijo, decidi\u00f3 acudir ante el Juzgado Mixto de Primera Instancia para solicitar una certificaci\u00f3n m\u00e9dica del estado f\u00edsico del ni\u00f1o. Como resultado, se abri\u00f3 un expediente familiar en el que se le otorg\u00f3 la guarda y custodia provisional del menor.<\/p>\n\n\n\n<p>Sin embargo, el 3 de septiembre de 2024, el menor fue sustra\u00eddo de manera ilegal cuando se encontraba en una escuela primaria, ubicada en Llano Guadalupe, municipio de Mazatl\u00e1n Villa de Flores.<\/p>\n\n\n\n<p>Ante estos hechos, la Fiscal\u00eda de Oaxaca inici\u00f3 una investigaci\u00f3n a trav\u00e9s de la Vicefiscal\u00eda General de Control Regional y la Agencia Estatal de Investigaciones (AEI), en coordinaci\u00f3n con la comandancia de Huautla de Jim\u00e9nez, lo que permiti\u00f3 obtener la orden de aprehensi\u00f3n en contra de M.A.G.<\/p>\n\n\n\n<p>Una vez detenida, M.A.G., fue trasladada a la ciudad de Oaxaca, donde qued\u00f3 a disposici\u00f3n de la autoridad judicial correspondiente.<\/p>\n\n\n\n<p>VINCULADO A PROCESO<\/p>\n\n\n\n<p>En otro caso, la Fiscal\u00eda General del Estado de Oaxaca (FGEO) obtuvo auto de vinculaci\u00f3n a proceso y prisi\u00f3n preventiva en contra de un hombre identificado como S.H.B., por el delito de violaci\u00f3n, cometido en agravio de una adolescente en hechos ocurridos en la regi\u00f3n de la Costa.<\/p>\n\n\n\n<p>De acuerdo con el expediente penal, los hechos se iniciaron en 2023, cuando la v\u00edctima -quien contaba con 11 a\u00f1os de edad y cuya identidad se encuentra reservada por ley- fue agredida sexualmente en diversas ubicaciones del municipio de San Pedro Pochutla.<\/p>\n\n\n\n<p>La investigaci\u00f3n ministerial establece que la primera agresi\u00f3n ocurri\u00f3 en el entorno laboral de la v\u00edctima, espec\u00edficamente en un taller de carpinter\u00eda propiedad del imputado. Posteriormente, en la agencia municipal de Tachicune, el agresor continu\u00f3 con las agresiones de manera reiterada, al tiempo que la intimidaba mediante amenazas para impedir que denunciara los hechos.<\/p>\n\n\n\n<p>El tercer ataque se registr\u00f3 el 17 de marzo de 2025, cuando la v\u00edctima fue obligada a trasladarse a un hotel ubicado en la calle Cuauht\u00e9moc, en San Pedro Pochutla, donde nuevamente fue agredida.<\/p>\n\n\n\n<p>Tras tener conocimiento de los hechos a partir de la denuncia, la FGEO inici\u00f3 las investigaciones correspondientes a trav\u00e9s de la Unidad Operativa de Investigaci\u00f3n de Delitos Cometidos contra la Mujer por Raz\u00f3n de G\u00e9nero, adscrita a la Vicefiscal\u00eda Regional de la Costa, logrando reunir los datos de prueba necesarios para obtener una orden de aprehensi\u00f3n y posteriormente la detenci\u00f3n de S.H.B., la cual fue ejecutada por elementos de la Agencia Estatal de Investigaciones (AEI) quienes lo prestaron ante la autoridad competente.<\/p>\n\n\n\n<p>Derivado de la valoraci\u00f3n de los datos de prueba presentados por la FGEO, el Juez de la causa dict\u00f3 auto de vinculaci\u00f3n a proceso en contra del imputado por el delito de violaci\u00f3n, adem\u00e1s de imponer la medida cautelar de prisi\u00f3n preventiva justificada y establecer un plazo de cuatro meses para el cierre de la investigaci\u00f3n complementaria.<\/p>\n","protected":false},"excerpt":{"rendered":"<p>Redacci\u00f3n\/Zona Roja.&nbsp; Oaxaca, Oax., a 18 de enero de 2026.- Tras una serie de exhaustivas&hellip;<\/p>\n","protected":false},"author":2,"featured_media":89213,"comment_status":"closed","ping_status":"open","sticky":false,"template":"","format":"standard","meta":{"_lmt_disableupdate":"","_lmt_disable":"","_jetpack_memberships_contains_paid_content":false,"footnotes":""},"categories":[109,46],"tags":[494],"class_list":["post-89212","post","type-post","status-publish","format-standard","has-post-thumbnail","hentry","category-minuto-a-minuto","category-zona-blanca","tag-fiscalia-general-del-estado-de-oaxaca"],"jetpack_featured_media_url":"https:\/\/zonaroja.com.mx\/wp-content\/uploads\/2026\/01\/Detenida-en-la-Cdmx-por-llevarse-a-su-hijo-sin-tener-la-custodia.jpeg","jetpack_sharing_enabled":true,"_links":{"self":[{"href":"https:\/\/zonaroja.com.mx\/index.php?rest_route=\/wp\/v2\/posts\/89212","targetHints":{"allow":["GET"]}}],"collection":[{"href":"https:\/\/zonaroja.com.mx\/index.php?rest_route=\/wp\/v2\/posts"}],"about":[{"href":"https:\/\/zonaroja.com.mx\/index.php?rest_route=\/wp\/v2\/types\/post"}],"author":[{"embeddable":true,"href":"https:\/\/zonaroja.com.mx\/index.php?rest_route=\/wp\/v2\/users\/2"}],"replies":[{"embeddable":true,"href":"https:\/\/zonaroja.com.mx\/index.php?rest_route=%2Fwp%2Fv2%2Fcomments&post=89212"}],"version-history":[{"count":1,"href":"https:\/\/zonaroja.com.mx\/index.php?rest_route=\/wp\/v2\/posts\/89212\/revisions"}],"predecessor-version":[{"id":89214,"href":"https:\/\/zonaroja.com.mx\/index.php?rest_route=\/wp\/v2\/posts\/89212\/revisions\/89214"}],"wp:featuredmedia":[{"embeddable":true,"href":"https:\/\/zonaroja.com.mx\/index.php?rest_route=\/wp\/v2\/media\/89213"}],"wp:attachment":[{"href":"https:\/\/zonaroja.com.mx\/index.php?rest_route=%2Fwp%2Fv2%2Fmedia&parent=89212"}],"wp:term":[{"taxonomy":"category","embeddable":true,"href":"https:\/\/zonaroja.com.mx\/index.php?rest_route=%2Fwp%2Fv2%2Fcategories&post=89212"},{"taxonomy":"post_tag","embeddable":true,"href":"https:\/\/zonaroja.com.mx\/index.php?rest_route=%2Fwp%2Fv2%2Ftags&post=89212"}],"curies":[{"name":"wp","href":"https:\/\/api.w.org\/{rel}","templated":true}]}}