{"id":89215,"date":"2026-01-19T07:26:47","date_gmt":"2026-01-19T13:26:47","guid":{"rendered":"https:\/\/zonaroja.com.mx\/?p=89215"},"modified":"2026-01-19T07:33:42","modified_gmt":"2026-01-19T13:33:42","slug":"tras-ser-encarcelado-expulsan-a-pastor-evangelico-de-la-comunidad-de","status":"publish","type":"post","link":"https:\/\/zonaroja.com.mx\/?p=89215","title":{"rendered":"Tras ser encarcelado, expulsan a pastor evang\u00e9lico de Santiago Malacatepec"},"content":{"rendered":"\n<p>Raymundo Morales\/Zona Roja.<\/p>\n\n\n\n<p>Oaxaca, Oax., a 19 de enero de 2026.- Luego de estar encarcelado por m\u00e1s de 48 horas, el pastor evang\u00e9lico Mariano Vel\u00e1squez Mart\u00ednez ser\u00e1 expulsado de la comunidad de Santiago Malacatepec, municipio de San Juan Mazatl\u00e1n Mixe, tras pagar una multa.<\/p>\n\n\n\n<p>El abogado Porfirio Flores confirm\u00f3 que el s\u00e1bado fue sacado de la c\u00e1rcel, amarrado de las manos y llevado al lugar de la reuni\u00f3n de autoridades municipales y el pueblo, donde le dijeron que ese ser\u00eda su castigo por negarse a cumplir con las tradiciones de los pueblos mixes y la medida aplicar\u00eda para su esposa y su hija de tres meses de edad.<\/p>\n\n\n\n<p>El ministro de la fe evang\u00e9lica fue presionado para fungir como mayordomo de las fiestas de la iglesia Cat\u00f3lica; en el \u00e1nimo de contribuir, propuso que en lugar de ello, pagar\u00eda el costo de ese cargo, pese a contar con recursos econ\u00f3micos limitados.<\/p>\n\n\n\n<p>Sin embargo, la comunidad y las autoridades locales determinaron que no solamente deber\u00eda pagar la fiesta, sino tambi\u00e9n realizar todos los ritos cat\u00f3licos, entre ellos hincarse ante una imagen religiosa, lo cual contraviene su fe.<\/p>\n\n\n\n<p>El abogado y tambi\u00e9n ministro cristiano, Porfirio Flores, explic\u00f3 que se ha presentado una queja en la Defensor\u00eda de Derechos Humanos del Pueblo de Oaxaca, registrada con el expediente DDHPO\/0039\/14OAX\/2926 para que dicten medidas cautelares a favor del ministro de culto.&nbsp;<\/p>\n\n\n\n<p>De la misma manera, se ha presentado una denuncia penal; sin embargo, a casi una semana de los hechos, hasta ahora no hay una respuesta efectiva por parte de las instituciones.<\/p>\n\n\n\n<p>Lament\u00f3 igualmente que el agente municipal de Santiago Malacatepec, Melquiades Castro, y el s\u00edndico Silviano Andr\u00e9s Reyes son quienes encabecen estas arbitrariedades, en lugar de promover el respeto ciudadano entre los pobladores.<\/p>\n\n\n\n<p>De la misma manera, considero que la respuesta del Estado mexicano en sus distintos \u00f3rdenes ha sido nulo o insuficiente para atender \u00e9ste y otros casos de intolerancia religiosa que han ocurrido en Oaxaca.<\/p>\n","protected":false},"excerpt":{"rendered":"<p>Raymundo Morales\/Zona Roja. Oaxaca, Oax., a 19 de enero de 2026.- Luego de estar encarcelado&hellip;<\/p>\n","protected":false},"author":2,"featured_media":89216,"comment_status":"closed","ping_status":"open","sticky":false,"template":"","format":"standard","meta":{"_lmt_disableupdate":"","_lmt_disable":"","_jetpack_memberships_contains_paid_content":false,"footnotes":""},"categories":[109,47],"tags":[4633,4632],"class_list":["post-89215","post","type-post","status-publish","format-standard","has-post-thumbnail","hentry","category-minuto-a-minuto","category-zona-gris","tag-pastor-mariano-velasquez-martinez","tag-santiago-malacatepec"],"jetpack_featured_media_url":"https:\/\/zonaroja.com.mx\/wp-content\/uploads\/2026\/01\/Pastor-Mariano-Velasquez-Martinez-Santiago-Malacatepec.png","jetpack_sharing_enabled":true,"_links":{"self":[{"href":"https:\/\/zonaroja.com.mx\/index.php?rest_route=\/wp\/v2\/posts\/89215","targetHints":{"allow":["GET"]}}],"collection":[{"href":"https:\/\/zonaroja.com.mx\/index.php?rest_route=\/wp\/v2\/posts"}],"about":[{"href":"https:\/\/zonaroja.com.mx\/index.php?rest_route=\/wp\/v2\/types\/post"}],"author":[{"embeddable":true,"href":"https:\/\/zonaroja.com.mx\/index.php?rest_route=\/wp\/v2\/users\/2"}],"replies":[{"embeddable":true,"href":"https:\/\/zonaroja.com.mx\/index.php?rest_route=%2Fwp%2Fv2%2Fcomments&post=89215"}],"version-history":[{"count":3,"href":"https:\/\/zonaroja.com.mx\/index.php?rest_route=\/wp\/v2\/posts\/89215\/revisions"}],"predecessor-version":[{"id":89221,"href":"https:\/\/zonaroja.com.mx\/index.php?rest_route=\/wp\/v2\/posts\/89215\/revisions\/89221"}],"wp:featuredmedia":[{"embeddable":true,"href":"https:\/\/zonaroja.com.mx\/index.php?rest_route=\/wp\/v2\/media\/89216"}],"wp:attachment":[{"href":"https:\/\/zonaroja.com.mx\/index.php?rest_route=%2Fwp%2Fv2%2Fmedia&parent=89215"}],"wp:term":[{"taxonomy":"category","embeddable":true,"href":"https:\/\/zonaroja.com.mx\/index.php?rest_route=%2Fwp%2Fv2%2Fcategories&post=89215"},{"taxonomy":"post_tag","embeddable":true,"href":"https:\/\/zonaroja.com.mx\/index.php?rest_route=%2Fwp%2Fv2%2Ftags&post=89215"}],"curies":[{"name":"wp","href":"https:\/\/api.w.org\/{rel}","templated":true}]}}