{"id":89220,"date":"2026-01-19T08:15:00","date_gmt":"2026-01-19T14:15:00","guid":{"rendered":"https:\/\/zonaroja.com.mx\/?p=89220"},"modified":"2026-01-19T07:50:01","modified_gmt":"2026-01-19T13:50:01","slug":"recibe-el-ieepco-26-quejas-de-propaganda-irregular-por-revocacion-de-mandato","status":"publish","type":"post","link":"https:\/\/zonaroja.com.mx\/?p=89220","title":{"rendered":"Recibe el IEEPCO 26 quejas de propaganda irregular por Revocaci\u00f3n de Mandato"},"content":{"rendered":"\n<p>Raymundo Morales\/Zona Roja.<\/p>\n\n\n\n<p>Oaxaca, Oax., a 19 de enero de 2025.- La Comisi\u00f3n de Quejas y Denuncias del Instituto Estatal Electoral y de Participaci\u00f3n Ciudadana de Oaxaca (IEEPCO) recibi\u00f3 al menos 26 denuncias sobre propaganda irregular relacionada con el proceso de Revocaci\u00f3n de Mandato.<\/p>\n\n\n\n<p>Ante ello, el pasado s\u00e1bado celebr\u00f3 una sesi\u00f3n extraordinaria urgente, en la cual aprob\u00f3 una nueva serie de medidas cautelares para ordenar el retiro inmediato de dicha propaganda detectada en distintos municipios del estado.<\/p>\n\n\n\n<p>En un comunicado, el IEEPCO inform\u00f3 que dichas acciones fueron iniciadas de oficio por la propia Comisi\u00f3n, luego de recibir 26 escritos de deslinde en los que personas comparecientes manifestaron desconocer la colocaci\u00f3n de propaganda en diversos espectaculares ubicados en diferentes municipios de la entidad.&nbsp;<\/p>\n\n\n\n<p>En los escritos se se\u00f1al\u00f3 que en ning\u00fan momento se orden\u00f3 la elaboraci\u00f3n, dise\u00f1o, impresi\u00f3n o difusi\u00f3n de propaganda que incluyera la imagen del Gobernador del Estado, Salom\u00f3n Jara Cruz.<\/p>\n\n\n\n<p>Derivado de lo anterior, la Comisi\u00f3n de Quejas y Denuncias determin\u00f3 procedente la adopci\u00f3n de medidas cautelares, consistentes en ordenar el retiro inmediato de la propaganda se\u00f1alada.<\/p>\n\n\n\n<p>Asimismo, exhort\u00f3 a la ciudadan\u00eda &nbsp;a conducirse conforme a las etapas y tiempos establecidos en el calendario electoral aprobado por el Consejo General del IEEPCO, con el objetivo de garantizar los principios que rigen la funci\u00f3n del Instituto durante el Proceso de Revocaci\u00f3n de Mandato 2022\u20132028.<\/p>\n\n\n\n<p>Cabe mencionar que la Jornada de Revocaci\u00f3n de Mandato se llevar\u00e1 a cabo el pr\u00f3ximo domingo 25 de enero, en un horario de 08:00 a 18:00 horas, permitiendo a la ciudadan\u00eda oaxaque\u00f1a ejercer su derecho a opinar respecto de la pregunta:&nbsp;<\/p>\n\n\n\n<p>\u00bfEst\u00e1s de acuerdo en que a Salom\u00f3n Jara Cruz, Gobernador del Estado, se le revoque el mandato por p\u00e9rdida de confianza? o que contin\u00fae en la Gubernatura hasta que concluya el periodo.<\/p>\n\n\n\n<p>&nbsp;APRUEBA LINEAMIENTOS<\/p>\n\n\n\n<p>Ayer domingo, el Consejo General del Instituto Estatal Electoral y de Participaci\u00f3n Ciudadana de Oaxaca (IEEPCO) celebr\u00f3 una sesi\u00f3n extraordinaria urgente, en la cual aprob\u00f3 lineamientos y acreditaciones relacionados con el desarrollo de la Jornada de Revocaci\u00f3n de Mandato del pr\u00f3ximo domingo 25 de enero.<\/p>\n\n\n\n<p>En primer t\u00e9rmino, se aprobaron los Lineamientos para la entrega y devoluci\u00f3n del Listado Nominal Electoral a las representaciones de los partidos pol\u00edticos ante las Mesas Directivas de Casilla durante la Jornada de Revocaci\u00f3n de Mandato, en cumplimiento de la sentencia dictada en el expediente SUP-JRC-25\/2025 y acumulados, del \u00edndice de la Sala Superior del Tribunal Electoral del Poder Judicial de la Federaci\u00f3n.<\/p>\n\n\n\n<p>Asimismo, las consejer\u00edas electorales aprobaron los Lineamientos para el registro de personas representantes de partidos pol\u00edticos ante las Mesas Directivas de Casilla y de personas representantes generales, que fungir\u00e1n durante la Jornada de Revocaci\u00f3n de Mandato, as\u00ed como los formatos para el registro, acreditaci\u00f3n y listado de dichas representaciones, en cumplimiento de la sentencia dictada en el expediente SUP-JRC-25\/2025 y acumulados de la Sala Superior del Tribunal Electoral del Poder Judicial de la Federaci\u00f3n.<\/p>\n\n\n\n<p>Finalmente, se aprobaron las acreditaciones de personas ciudadanas para participar como observadoras y observadores en el Proceso de Revocaci\u00f3n de Mandato de la persona titular de la Gubernatura del Estado de Oaxaca, correspondiente al periodo constitucional 2022\u20132028.<\/p>\n\n\n\n<p>En la sesi\u00f3n virtual participaron la consejera presidenta, Elizabeth S\u00e1nchez Gonz\u00e1lez; las consejeras electorales Jessica Jazibe Hern\u00e1ndez Garc\u00eda, Zaira Alhel\u00ed Hip\u00f3lito L\u00f3pez, Ana Mar\u00eda M\u00e1rquez Andr\u00e9s y Gabriela Fernanda Espinoza Blancas; as\u00ed como los consejeros electorales Alejandro Carrasco Sampedro y Manuel Cort\u00e9s Muriedas. Tambi\u00e9n estuvo presente el secretario ejecutivo, Graciano Alejandro Prats Rojas, adem\u00e1s de las representaciones de los partidos pol\u00edticos.<\/p>\n","protected":false},"excerpt":{"rendered":"<p>Raymundo Morales\/Zona Roja. Oaxaca, Oax., a 19 de enero de 2025.- La Comisi\u00f3n de Quejas&hellip;<\/p>\n","protected":false},"author":2,"featured_media":89224,"comment_status":"closed","ping_status":"open","sticky":false,"template":"","format":"standard","meta":{"_lmt_disableupdate":"","_lmt_disable":"","_jetpack_memberships_contains_paid_content":false,"footnotes":""},"categories":[109,46],"tags":[2932,3088],"class_list":["post-89220","post","type-post","status-publish","format-standard","has-post-thumbnail","hentry","category-minuto-a-minuto","category-zona-blanca","tag-instituto-estatal-electoral-y-de-participacion-ciudadana-de-oaxaca-ieepco","tag-revocacion-de-mandato-mexico"],"jetpack_featured_media_url":"https:\/\/zonaroja.com.mx\/wp-content\/uploads\/2026\/01\/Comision-de-Quejas-y-Denuncias-IEEPCO.jpeg","jetpack_sharing_enabled":true,"_links":{"self":[{"href":"https:\/\/zonaroja.com.mx\/index.php?rest_route=\/wp\/v2\/posts\/89220","targetHints":{"allow":["GET"]}}],"collection":[{"href":"https:\/\/zonaroja.com.mx\/index.php?rest_route=\/wp\/v2\/posts"}],"about":[{"href":"https:\/\/zonaroja.com.mx\/index.php?rest_route=\/wp\/v2\/types\/post"}],"author":[{"embeddable":true,"href":"https:\/\/zonaroja.com.mx\/index.php?rest_route=\/wp\/v2\/users\/2"}],"replies":[{"embeddable":true,"href":"https:\/\/zonaroja.com.mx\/index.php?rest_route=%2Fwp%2Fv2%2Fcomments&post=89220"}],"version-history":[{"count":1,"href":"https:\/\/zonaroja.com.mx\/index.php?rest_route=\/wp\/v2\/posts\/89220\/revisions"}],"predecessor-version":[{"id":89225,"href":"https:\/\/zonaroja.com.mx\/index.php?rest_route=\/wp\/v2\/posts\/89220\/revisions\/89225"}],"wp:featuredmedia":[{"embeddable":true,"href":"https:\/\/zonaroja.com.mx\/index.php?rest_route=\/wp\/v2\/media\/89224"}],"wp:attachment":[{"href":"https:\/\/zonaroja.com.mx\/index.php?rest_route=%2Fwp%2Fv2%2Fmedia&parent=89220"}],"wp:term":[{"taxonomy":"category","embeddable":true,"href":"https:\/\/zonaroja.com.mx\/index.php?rest_route=%2Fwp%2Fv2%2Fcategories&post=89220"},{"taxonomy":"post_tag","embeddable":true,"href":"https:\/\/zonaroja.com.mx\/index.php?rest_route=%2Fwp%2Fv2%2Ftags&post=89220"}],"curies":[{"name":"wp","href":"https:\/\/api.w.org\/{rel}","templated":true}]}}