{"id":89226,"date":"2026-01-19T09:15:00","date_gmt":"2026-01-19T15:15:00","guid":{"rendered":"https:\/\/zonaroja.com.mx\/?p=89226"},"modified":"2026-01-19T08:01:03","modified_gmt":"2026-01-19T14:01:03","slug":"dona-san-pedro-mixtepec-predio-para-construir-complejo-judicial-estatal","status":"publish","type":"post","link":"https:\/\/zonaroja.com.mx\/?p=89226","title":{"rendered":"Dona San Pedro Mixtepec predio para construir complejo judicial estatal"},"content":{"rendered":"\n<p>Redacci\u00f3n\/Zona Roja.<\/p>\n\n\n\n<p>Oaxaca, Oax., a 19 de enero de 2026.- &nbsp;El Poder Judicial del Estado realiz\u00f3 en Puerto Escondido, San Pedro Mixtepec, la jornada \u201cJusticia m\u00e1s cerca de ti\u201d, en cuyo acto se anunci\u00f3 por parte del ayuntamiento la donaci\u00f3n de un predio municipal&nbsp;donde se construir\u00e1&nbsp;un Complejo Judicial Integral, infraestructura que transformar\u00e1 el acceso a la justicia en esta zona de&nbsp;la entidad.<\/p>\n\n\n\n<p>En el encuentro, realizado el fin de semana en las canchas del Centro de Bienestar Social de Puerto Escondido,&nbsp;que&nbsp;reuni\u00f3 a&nbsp;autoridades municipales y ciudadanos de Pinotepa Nacional, Santiago Jamiltepec, Santa Catarina Loxicha, San Juan Colorado, San Gabriel Mixtepec, Santos Reyes Nopala, Santiago Yaitepec, Santiago Tetepec y San Pedro Pochutla,&nbsp;la magistrada presidenta Erika Mar\u00eda Rodr\u00edguez Rodr\u00edguez reiter\u00f3 el compromiso del&nbsp;Poder Judicial&nbsp;de superar la barrera que ha prevalecido entre&nbsp;la instituci\u00f3n&nbsp;y la ciudadan\u00eda.<\/p>\n\n\n\n<p>Acompa\u00f1ada de&nbsp;magistradas&nbsp;y&nbsp;magistrados&nbsp;de las diferentes salas del Tribunal Superior de Justicia, consejeros de la Judicatura, juezas&nbsp;y&nbsp;jueces subray\u00f3 que este esfuerzo conjuntocon el ayuntamiento de San Pedro Mixtepec,&nbsp;refleja un nuevo modelo de justicia, basado en la cercan\u00eda con la gente y en la corresponsabilidad entre \u00f3rdenes de gobierno.&nbsp;<\/p>\n\n\n\n<p>Destac\u00f3 que&nbsp;en este municipio&nbsp;se reinician en 2026 los recorridos del programa&nbsp;\u201cJusticia m\u00e1s cerca de ti\u201d, una iniciativa que busca transformar la relaci\u00f3n entre el Poder Judicial y la sociedad, pasando de un modelo distante a uno cercano, democr\u00e1tico e interactivo.&nbsp;<\/p>\n\n\n\n<p>Subray\u00f3 que escuchar a la ciudadan\u00eda es tambi\u00e9n una forma de hacer justicia, y que el di\u00e1logo directo permite impartir justicia con sensibilidad, tomando en cuenta&nbsp;las&nbsp;realidades de las comunidades.<\/p>\n\n\n\n<p>Por su parte, el presidente municipal, Miguel \u00c1ngel Olvera Jim\u00e9nez,&nbsp;reconoci\u00f3&nbsp;la labor de magistradas, magistrados, juezas y jueces&nbsp;y&nbsp;mencion\u00f3&nbsp;que&nbsp;este encuentro&nbsp;rompe con el temor&nbsp;y&nbsp;la&nbsp;incertidumbre&nbsp;que&nbsp;enfrentan&nbsp;las familias para resolver asuntos legales y&nbsp;les&nbsp;permite encontrar soluciones justas y dignas sin abandonar sus actividades cotidianas&nbsp;ni enfrentar&nbsp;gastos.<\/p>\n\n\n\n<p>La jornada incluy\u00f3 un ejercicio de di\u00e1logo abierto entre autoridades judiciales y la comunidad, en el que se abordaron temas como derechos humanos, justicia ind\u00edgena, mecanismos alternativos de soluci\u00f3n de conflictos y atenci\u00f3n a mujeres v\u00edctimas de violencia.\u00a0Previamente, magistradas, magistrados y consejeros asistieron como invitados a\u00a0la\u00a0Sesi\u00f3n Extraordinaria de Cabildo\u00a0en la cual se formaliz\u00f3 la donaci\u00f3n del predio.<\/p>\n\n\n\n<figure class=\"wp-block-embed is-type-rich is-provider-twitter wp-block-embed-twitter\"><div class=\"wp-block-embed__wrapper\">\n<div class=\"twitter-tweet\"><blockquote class=\"twitter-tweet\" data-lang=\"es\"><p lang=\"es\" dir=\"ltr\">En Puerto Escondido, municipio de San Pedro Mixtepec, se celebr\u00f3 este s\u00e1bado la cuarta edici\u00f3n del programa \u201cJusticia m\u00e1s cerca de ti\u201d, del Poder Judicial de Oaxaca (<a href=\"https:\/\/twitter.com\/tsjoaxaca?ref_src=twsrc%5Etfw\">@tsjoaxaca<\/a>), actividad que presidi\u00f3 la magistrada presidenta Erika Mar\u00eda Rodr\u00edguez Rodr\u00edguez. <a href=\"https:\/\/t.co\/VzmvaMfHGN\">pic.twitter.com\/VzmvaMfHGN<\/a><\/p>&mdash; Zona Roja Oaxaca (@ZonaRoja_Oaxaca) <a href=\"https:\/\/twitter.com\/ZonaRoja_Oaxaca\/status\/2012971559451820544?ref_src=twsrc%5Etfw\">18 de enero de 2026<\/a><\/blockquote><\/div>\n<\/div><\/figure>\n","protected":false},"excerpt":{"rendered":"<p>Redacci\u00f3n\/Zona Roja. Oaxaca, Oax., a 19 de enero de 2026.- &nbsp;El Poder Judicial del Estado&hellip;<\/p>\n","protected":false},"author":2,"featured_media":89222,"comment_status":"closed","ping_status":"open","sticky":false,"template":"","format":"standard","meta":{"_lmt_disableupdate":"","_lmt_disable":"","_jetpack_memberships_contains_paid_content":false,"footnotes":""},"categories":[109,46],"tags":[4430,223],"class_list":["post-89226","post","type-post","status-publish","format-standard","has-post-thumbnail","hentry","category-minuto-a-minuto","category-zona-blanca","tag-erika-maria-rodriguez-rodriguez","tag-poder-judicial-de-oaxaca"],"jetpack_featured_media_url":"https:\/\/zonaroja.com.mx\/wp-content\/uploads\/2026\/01\/Tribunal-Superior-de-Justicia-Puerto-Escondido-Costa.jpg","jetpack_sharing_enabled":true,"_links":{"self":[{"href":"https:\/\/zonaroja.com.mx\/index.php?rest_route=\/wp\/v2\/posts\/89226","targetHints":{"allow":["GET"]}}],"collection":[{"href":"https:\/\/zonaroja.com.mx\/index.php?rest_route=\/wp\/v2\/posts"}],"about":[{"href":"https:\/\/zonaroja.com.mx\/index.php?rest_route=\/wp\/v2\/types\/post"}],"author":[{"embeddable":true,"href":"https:\/\/zonaroja.com.mx\/index.php?rest_route=\/wp\/v2\/users\/2"}],"replies":[{"embeddable":true,"href":"https:\/\/zonaroja.com.mx\/index.php?rest_route=%2Fwp%2Fv2%2Fcomments&post=89226"}],"version-history":[{"count":1,"href":"https:\/\/zonaroja.com.mx\/index.php?rest_route=\/wp\/v2\/posts\/89226\/revisions"}],"predecessor-version":[{"id":89227,"href":"https:\/\/zonaroja.com.mx\/index.php?rest_route=\/wp\/v2\/posts\/89226\/revisions\/89227"}],"wp:featuredmedia":[{"embeddable":true,"href":"https:\/\/zonaroja.com.mx\/index.php?rest_route=\/wp\/v2\/media\/89222"}],"wp:attachment":[{"href":"https:\/\/zonaroja.com.mx\/index.php?rest_route=%2Fwp%2Fv2%2Fmedia&parent=89226"}],"wp:term":[{"taxonomy":"category","embeddable":true,"href":"https:\/\/zonaroja.com.mx\/index.php?rest_route=%2Fwp%2Fv2%2Fcategories&post=89226"},{"taxonomy":"post_tag","embeddable":true,"href":"https:\/\/zonaroja.com.mx\/index.php?rest_route=%2Fwp%2Fv2%2Ftags&post=89226"}],"curies":[{"name":"wp","href":"https:\/\/api.w.org\/{rel}","templated":true}]}}