{"id":89228,"date":"2026-01-19T10:13:00","date_gmt":"2026-01-19T16:13:00","guid":{"rendered":"https:\/\/zonaroja.com.mx\/?p=89228"},"modified":"2026-01-19T11:46:58","modified_gmt":"2026-01-19T17:46:58","slug":"otra-vez-juchitan-investigan-hallazgo-de-dos-cuerpos-sin-vida","status":"publish","type":"post","link":"https:\/\/zonaroja.com.mx\/?p=89228","title":{"rendered":"Otra vez Juchit\u00e1n: hallan dos cuerpos sin vida; en Valles matan a uno"},"content":{"rendered":"\n<p>Raymundo Morales\/Zona Roja.<\/p>\n\n\n\n<p>Oaxaca, Oax., a 19 de enero de 2026.- Juchit\u00e1n de Zaragoza vivi\u00f3 una en\u00e9sima jornada de terror, con la localizaci\u00f3n de do cuerpos sin vida y tiroteo a un domicilio.<\/p>\n\n\n\n<p>Ayer domingo, en un predio de la colonia L\u00e1zaro C\u00e1rdenas, ubicado entre la agencia \u00c1lvaro Obreg\u00f3n y San Pedro Huilotepec, fueron localizados dos cuerpos, al parecer de personas del sexo masculino, con huellas de violencia.<\/p>\n\n\n\n<p>Hasta el momento no han sido identificadas, pues presuntamente llevaban varios d\u00edas de estar tiradas en ese sitio, hasta que fueron descubiertos por campesinos, quienes dieron aviso a las autoridades policiacas.<\/p>\n\n\n\n<p>La Fiscal\u00eda General del Estado de Oaxaca, a trav\u00e9s de la Vicefiscal\u00eda Regional del Istmo, continua con las indagatorias para determinar las causas del fallecimiento y esclarecer el caso.<\/p>\n\n\n\n<p>Por otra parte, tambi\u00e9n ayer pero durante la madrugada, sujetos armados dispararon en contra de un domicilio particular ubicado en la Segunda Secci\u00f3n de Juchit\u00e1n.<\/p>\n\n\n\n<p>Hasta el momento no hay reporte de v\u00edctimas sino \u00fanicamente da\u00f1os materiales; no obstante los moradores de la vivienda temen por su vida, por lo cual interpusieron una denuncia ante el Ministerio P\u00fablico.<\/p>\n\n\n\n<p>EN VALLE DE ETLA<\/p>\n\n\n\n<p>Tambi\u00e9n ayer pero en la comunidad de Santa Cruz, perteneciente al municipio de San Pablo, Etla, dos sujetos armados a bordo de una motocicleta dispararon en contra de unas personas. <\/p>\n\n\n\n<p>Los hechos ocurrieron en la calle 5 de Mayo de esa agencia cercana a la capital y las v\u00edctimas fueron trasladada en una ambulancia al Hospital Civil de la ciudad de Oaxaca. <\/p>\n\n\n\n<p>Se trata de Iv\u00e1n \u201cN\u201d, de 39 a\u00f1os de edad y Rodrigo \u201cN\u201d, de 44 a\u00f1os; el primero de ellos muri\u00f3 al llegar al nosocomio debido a la gravedad de las lesiones. <\/p>\n\n\n\n<p>La Fiscal\u00eda General del Estado contin\u00faa con las indagatorias y hasta el momento se desconoce el m\u00f3vil del crimen y del ataque. <\/p>\n","protected":false},"excerpt":{"rendered":"<p>Raymundo Morales\/Zona Roja. Oaxaca, Oax., a 19 de enero de 2026.- Juchit\u00e1n de Zaragoza vivi\u00f3&hellip;<\/p>\n","protected":false},"author":2,"featured_media":84031,"comment_status":"closed","ping_status":"open","sticky":false,"template":"","format":"standard","meta":{"_lmt_disableupdate":"","_lmt_disable":"","_jetpack_memberships_contains_paid_content":false,"footnotes":""},"categories":[109,47],"tags":[123],"class_list":["post-89228","post","type-post","status-publish","format-standard","has-post-thumbnail","hentry","category-minuto-a-minuto","category-zona-gris","tag-juchitan-de-zaragoza"],"jetpack_featured_media_url":"https:\/\/zonaroja.com.mx\/wp-content\/uploads\/2025\/08\/Juchitan-de-Zaragoza.jpg","jetpack_sharing_enabled":true,"_links":{"self":[{"href":"https:\/\/zonaroja.com.mx\/index.php?rest_route=\/wp\/v2\/posts\/89228","targetHints":{"allow":["GET"]}}],"collection":[{"href":"https:\/\/zonaroja.com.mx\/index.php?rest_route=\/wp\/v2\/posts"}],"about":[{"href":"https:\/\/zonaroja.com.mx\/index.php?rest_route=\/wp\/v2\/types\/post"}],"author":[{"embeddable":true,"href":"https:\/\/zonaroja.com.mx\/index.php?rest_route=\/wp\/v2\/users\/2"}],"replies":[{"embeddable":true,"href":"https:\/\/zonaroja.com.mx\/index.php?rest_route=%2Fwp%2Fv2%2Fcomments&post=89228"}],"version-history":[{"count":2,"href":"https:\/\/zonaroja.com.mx\/index.php?rest_route=\/wp\/v2\/posts\/89228\/revisions"}],"predecessor-version":[{"id":89240,"href":"https:\/\/zonaroja.com.mx\/index.php?rest_route=\/wp\/v2\/posts\/89228\/revisions\/89240"}],"wp:featuredmedia":[{"embeddable":true,"href":"https:\/\/zonaroja.com.mx\/index.php?rest_route=\/wp\/v2\/media\/84031"}],"wp:attachment":[{"href":"https:\/\/zonaroja.com.mx\/index.php?rest_route=%2Fwp%2Fv2%2Fmedia&parent=89228"}],"wp:term":[{"taxonomy":"category","embeddable":true,"href":"https:\/\/zonaroja.com.mx\/index.php?rest_route=%2Fwp%2Fv2%2Fcategories&post=89228"},{"taxonomy":"post_tag","embeddable":true,"href":"https:\/\/zonaroja.com.mx\/index.php?rest_route=%2Fwp%2Fv2%2Ftags&post=89228"}],"curies":[{"name":"wp","href":"https:\/\/api.w.org\/{rel}","templated":true}]}}