{"id":8923,"date":"2020-02-18T20:26:06","date_gmt":"2020-02-19T02:26:06","guid":{"rendered":"http:\/\/www.zonaroja.com.mx\/?p=8923"},"modified":"2020-02-18T20:26:09","modified_gmt":"2020-02-19T02:26:09","slug":"pide-codedi-juicio-politico-en-contra-fiscal-por-omision-en-crimenes-de-activistas","status":"publish","type":"post","link":"https:\/\/zonaroja.com.mx\/?p=8923","title":{"rendered":"Pide Codedi juicio pol\u00edtico en contra fiscal, por omisi\u00f3n en cr\u00edmenes de activistas"},"content":{"rendered":"\n<p>Evlin Arag\u00f3n\/Zona Roja.<\/p>\n\n\n\n<p>San Raymundo Jalpan, Oax., 18 de\nfebrero de 2020.- El Comit\u00e9 por la Defensa de Derechos Ind\u00edgenas (Codedi) entreg\u00f3\nhoy en la C\u00e1mara de Diputados una solicitud de juicio pol\u00edtico en contra del\ntitular de la Fiscal\u00eda General del Estado de Oaxaca, Rub\u00e9n Vasconcelos M\u00e9ndez,\ny contra el gobernador Alejandro Murat Hinojosa.<\/p>\n\n\n\n<p>Lo anterior, por considerar que la\ninstancia de procuraci\u00f3n de justicia y el mandatario estatal han fomentado la\nimpunidad en la investigaci\u00f3n de cinco homicidios de sus militantes.<\/p>\n\n\n\n<p>Como parte de su caravana para exigir\njusticia por sus compa\u00f1eros asesinados, integrantes del Codedi se manifestaron este\nmartes a las afueras del Congreso local, en donde dieron a conocer sus\ndemandas.<\/p>\n\n\n\n<p>\u201cVenimos a presentar una iniciativa de\njuico pol\u00edtico hacia el gobernador de Oaxaca, Alejandro Murat y el fiscal del\nestado, Rub\u00e9n Vasconcelos M\u00e9ndez, que no han sabido llevar a cabo el trabajo\nque les corresponde, particularmente en la impartici\u00f3n de justicia y la\ngarant\u00eda de la seguridad para la poblaci\u00f3n\u201d, indic\u00f3 Crist\u00f3bal Ram\u00edrez Cruz,\nvocero de la Codedi.<\/p>\n\n\n\n<p>Indic\u00f3 que la Fiscal\u00eda de Oaxaca ha sido omisa con su labor de aplicar justicia en la entidad, raz\u00f3n que ha contribuido a que la delincuencia y los hechos violentos incrementen en la actualidad, de forma particular en contra de defensores de derechos humanos que son criminalizados y perseguidos por las propias autoridades.<\/p>\n\n\n\n<figure class=\"wp-block-embed-twitter wp-block-embed is-type-rich is-provider-twitter\"><div class=\"wp-block-embed__wrapper\">\n<div class=\"twitter-tweet\"><blockquote class=\"twitter-tweet\" data-lang=\"es\"><p lang=\"es\" dir=\"ltr\"><a href=\"https:\/\/twitter.com\/hashtag\/OaxacaGris?src=hash&amp;ref_src=twsrc%5Etfw\">#OaxacaGris<\/a><br>Ante la impunidad y nulos avances en las indagatorias de cinco de sus militantes asesinados, el <a href=\"https:\/\/twitter.com\/hashtag\/Codedi?src=hash&amp;ref_src=twsrc%5Etfw\">#Codedi<\/a> present\u00f3 hoy ante el <a href=\"https:\/\/twitter.com\/CongresoOaxLXIV?ref_src=twsrc%5Etfw\">@CongresoOaxLXIV<\/a>, una solicitud de juicio pol\u00edtico contra el gobernador <a href=\"https:\/\/twitter.com\/alejandromurat?ref_src=twsrc%5Etfw\">@alejandromurat<\/a> y el fiscal <a href=\"https:\/\/twitter.com\/RVasconcelosM?ref_src=twsrc%5Etfw\">@RVasconcelosM<\/a>.<a href=\"https:\/\/twitter.com\/consorciooaxaca?ref_src=twsrc%5Etfw\">@consorciooaxaca<\/a> <a href=\"https:\/\/t.co\/KigyXHWiRi\">pic.twitter.com\/KigyXHWiRi<\/a><\/p>&mdash; Zona Roja Oaxaca (@MexRoja) <a href=\"https:\/\/twitter.com\/MexRoja\/status\/1229835526997495812?ref_src=twsrc%5Etfw\">18 de febrero de 2020<\/a><\/blockquote><\/div>\n<\/div><\/figure>\n\n\n\n<p>La situaci\u00f3n tampoco es favorable para\nla ciudadan\u00eda en general, que tambi\u00e9n enfrenta las consecuencias de las\ndeficiencias en materia de justicia, con el aumento de la delincuencia y la\nviolencia en zonas como la Cuenca, Istmo y la propia capital del estado.<\/p>\n\n\n\n<p>Ram\u00edrez Cruz record\u00f3 que hace dos a\u00f1os,\ntres de sus compa\u00f1eros fueron asesinados en una emboscada registrada en febrero\ndel 2018 en inmediaciones de Miahuatl\u00e1n, mientras que otro m\u00e1s fue ejecutado en\njulio de ese mismo a\u00f1o en San Pedro Pochutla y el \u00faltimo en octubre en Santiago\nAstata, sin que hasta el momento exista justicia para alguno de los cinco, ante\nla indiferencia de las autoridades en materia de justicia.<\/p>\n\n\n\n<p>As\u00ed mismo, exigi\u00f3 la liberaci\u00f3n de\nFredy Garc\u00eda Ram\u00edrez, integrante de la organizaci\u00f3n detenido arbitrariamente en\njulio del a\u00f1o pasado y procesado por un delito en el que claramente existe\nirregularidades y violaciones a sus derechos humanos.<\/p>\n\n\n\n<p>Por su parte, Adri\u00e1n Zavaleta,\nintegrante de la organizaci\u00f3n, anunci\u00f3 que iniciaron &nbsp;una marcha caravana hacia la Ciudad de M\u00e9xico,\ndebido a que las autoridades estatales no han escuchado las principales\ndemandas de la organizaci\u00f3n en materia de justicia.<\/p>\n\n\n\n<p>\u201cLo haremos las veces que sean\nnecesarias hasta que el pueblo obtenga justicia, no nos vamos a detener en la\nciudad de Oaxaca, tenemos el derecho a una vivienda digna, a la salud,\neducaci\u00f3n, a la libertad de expresi\u00f3n y la pensamos ejercer\u201d, dijo.<\/p>\n\n\n\n<p>Finalmente inform\u00f3 que en el marco de\nla caravana, Fredy Garc\u00eda Ram\u00edrez ha iniciado una huelga de hambre en el penal\nde Tanivet -donde se encuentra recluido- para exigir mejores condiciones al\ninterior del Centro Penitenciario, lo anterior con el respaldo de cientos de\npersonas que se encuentran en la misma situaci\u00f3n.<\/p>\n","protected":false},"excerpt":{"rendered":"<p>Evlin Arag\u00f3n\/Zona Roja. San Raymundo Jalpan, Oax., 18 de febrero de 2020.- El Comit\u00e9 por&hellip;<\/p>\n","protected":false},"author":2,"featured_media":8924,"comment_status":"closed","ping_status":"open","sticky":false,"template":"","format":"standard","meta":{"_lmt_disableupdate":"","_lmt_disable":"","_jetpack_memberships_contains_paid_content":false,"footnotes":""},"categories":[1],"tags":[],"class_list":["post-8923","post","type-post","status-publish","format-standard","has-post-thumbnail","hentry","category-sin-categoria"],"jetpack_featured_media_url":"https:\/\/zonaroja.com.mx\/wp-content\/uploads\/2020\/02\/Codedi-conferencia-Congreso.png","jetpack_sharing_enabled":true,"_links":{"self":[{"href":"https:\/\/zonaroja.com.mx\/index.php?rest_route=\/wp\/v2\/posts\/8923","targetHints":{"allow":["GET"]}}],"collection":[{"href":"https:\/\/zonaroja.com.mx\/index.php?rest_route=\/wp\/v2\/posts"}],"about":[{"href":"https:\/\/zonaroja.com.mx\/index.php?rest_route=\/wp\/v2\/types\/post"}],"author":[{"embeddable":true,"href":"https:\/\/zonaroja.com.mx\/index.php?rest_route=\/wp\/v2\/users\/2"}],"replies":[{"embeddable":true,"href":"https:\/\/zonaroja.com.mx\/index.php?rest_route=%2Fwp%2Fv2%2Fcomments&post=8923"}],"version-history":[{"count":1,"href":"https:\/\/zonaroja.com.mx\/index.php?rest_route=\/wp\/v2\/posts\/8923\/revisions"}],"predecessor-version":[{"id":8925,"href":"https:\/\/zonaroja.com.mx\/index.php?rest_route=\/wp\/v2\/posts\/8923\/revisions\/8925"}],"wp:featuredmedia":[{"embeddable":true,"href":"https:\/\/zonaroja.com.mx\/index.php?rest_route=\/wp\/v2\/media\/8924"}],"wp:attachment":[{"href":"https:\/\/zonaroja.com.mx\/index.php?rest_route=%2Fwp%2Fv2%2Fmedia&parent=8923"}],"wp:term":[{"taxonomy":"category","embeddable":true,"href":"https:\/\/zonaroja.com.mx\/index.php?rest_route=%2Fwp%2Fv2%2Fcategories&post=8923"},{"taxonomy":"post_tag","embeddable":true,"href":"https:\/\/zonaroja.com.mx\/index.php?rest_route=%2Fwp%2Fv2%2Ftags&post=8923"}],"curies":[{"name":"wp","href":"https:\/\/api.w.org\/{rel}","templated":true}]}}