{"id":89232,"date":"2026-01-19T10:24:00","date_gmt":"2026-01-19T16:24:00","guid":{"rendered":"https:\/\/zonaroja.com.mx\/?p=89232"},"modified":"2026-01-19T10:45:25","modified_gmt":"2026-01-19T16:45:25","slug":"opinion-revocacion-de-mandato-instrumento-democratico","status":"publish","type":"post","link":"https:\/\/zonaroja.com.mx\/?p=89232","title":{"rendered":"Opini\u00f3n. Revocaci\u00f3n de Mandato: \u00bfinstrumento democr\u00e1tico?"},"content":{"rendered":"\n<p>Ismael Garc\u00eda M.\/Zona Roja.<\/p>\n\n\n\n<p>Oaxaca, Oax., a 19 de enero de 2026.- El pr\u00f3ximo domingo, 25 de enero, Oaxaca vivir\u00e1 una jornada in\u00e9dita: las personas en edad de votar podr\u00e1n decidir si el gobernador Salom\u00f3n Jara Cruz debe seguir en el cargo hasta concluir su sexenio, o se le revoca a la mitad de su mandato.<\/p>\n\n\n\n<p>En t\u00e9rminos generales parecer ser un ejercicio democr\u00e1tico en que la poblaci\u00f3n mayoritaria podr\u00e1 tomar una determinaci\u00f3n, por primera vez en la historia de la entidad, acerca de su gobernante.<\/p>\n\n\n\n<p>No obstante, el proceso tiene una serie de candados que parecen hacer imposibles que, cualquiera que sea el resultado, pueda ser v\u00e1lido, ya que se requiere al menos un mill\u00f3n 200 mil sufragios para que sea legal.<\/p>\n\n\n\n<p>A lo largo de al menos tres meses, esta jornada, cimentada en la Ley de Revocaci\u00f3n de Mandato, ha vivido tambi\u00e9n una serie de contradicciones e inconvenientes, como lo es el plazo tan corto para realizar algo similar a una elecci\u00f3n estatal.<\/p>\n\n\n\n<p>Ha estado plagada adem\u00e1s de mucha propaganda irregular, ilegal, cuyo origen financiero se desconoce, pero que est\u00e1 dirigida a orientar el sufragio a favor del mandatario estatal.&nbsp;<\/p>\n\n\n\n<p>Y al final, lo que no se quer\u00eda: los partidos pol\u00edticos siempre s\u00ed tendr\u00e1n presencia en este procedimiento, al participar el pr\u00f3ximo domingo como observadores en las casillas.<\/p>\n\n\n\n<p>JORNADA IN\u00c9DITA<\/p>\n\n\n\n<p>&nbsp;Aunque en el sexenio de Ulises Ruiz y de Gabino Cu\u00e9 ya hab\u00eda antecedentes de contar con una ley de revocaci\u00f3n de mandato, fue al inicio del actual sexenio morenista en que el Congreso del Estado aval\u00f3 dicha medida.<\/p>\n\n\n\n<p>Con ello Oaxaca se convirti\u00f3 en la primera entidad del pa\u00eds en que somete a un titular del Poder Ejecutivo al escrutinio p\u00fablico a la mitad de su mandato, aunque con reglas demasiado r\u00edgidas.<\/p>\n\n\n\n<p>A mediados del a\u00f1o pasado, tambi\u00e9n de manera in\u00e9dita, el PRI propuso en la 66 Legislatura local reformas, que fueron avaladas, para acortar los tiempos de este proceso, pero dej\u00f3 intactos los candados.&nbsp;<\/p>\n\n\n\n<p>Hay que decir que Andr\u00e9s Manuel L\u00f3pez Obrador ya se someti\u00f3 a este ejercicio, en abril de 2022, aunque no fue v\u00e1lido. Siendo Presidente de la Rep\u00fablica, en el a\u00f1o 2022 se someti\u00f3 a una consulta de Revocaci\u00f3n de Mandato.<\/p>\n\n\n\n<p>Claro, con la popularidad que ten\u00eda en ese entonces, gan\u00f3. No obstante apenas vot\u00f3 casi el 18 por ciento de la poblaci\u00f3n y se requer\u00eda que, para que los resultados de la consulta fueran vinculantes, votara al menos el 40% del electorado (igual que deber\u00e1 ser en Oaxaca).<\/p>\n\n\n\n<p>Las reglas de ese entonces:<\/p>\n\n\n\n<p>De acuerdo con la Ley de Revocaci\u00f3n de Mandato, el proceso procede a petici\u00f3n de la ciudadan\u00eda en una cifra equivalente al 3% de las y los inscritos en la lista nominal de electores del Instituto Nacional Electoral (INE), en por lo menos 17 entidades federativas y que, a su vez, representasen el 3% de la lista nominal de electores de cada estado.<\/p>\n\n\n\n<p>EL \u00c1RBITRO<\/p>\n\n\n\n<p>En el estado, el proceso, como dec\u00edamos, no ha estado exento de imponderables, uno de ellos los plazos establecidos por la autoridad legislativa, que debe ser acatada por la autoridad electoral, en este caso el Instituto Estatal Electoral y de Participaci\u00f3n Ciudadana (IEEPCO).<\/p>\n\n\n\n<p>Y la otra es las complicaciones electorales, pues el Poder Ejecutivo aprob\u00f3 apenas 124 millones de pesos para el desarrollo de este ejercicio.<\/p>\n\n\n\n<p>El lapso: menos de cuatro meses para avalar los lineamientos (del 1 al 10 de octubre), el periodo para registrarse como promoviendo (del 11 al 31 de octubre), recopilar las firmas para solicitar formalmente que se realice la consulta (noviembre), el plazo para presentar la solicitud de revocaci\u00f3n (diciembre) y la ejecuci\u00f3n del proceso (enero), para culminar el 25 de este mes en la votaci\u00f3n.&nbsp;<\/p>\n\n\n\n<p>Pese a esas limitantes, el IEEPCO, que encabeza Elizabeth S\u00e1nchez Gonz\u00e1lez, ha logrado, hasta hoy, sacar sin contratiempos el proceso.<\/p>\n\n\n\n<p>Salvo \u201cfuego amigo\u201d desde el IEEPCO y desde el gobierno para desacreditar a la presidenta del Consejo General, aduciendo corrupci\u00f3n en la asignaci\u00f3n de contratos para la elaboraci\u00f3n de materiales.<\/p>\n\n\n\n<p>\u00bfSE VA O SE QUEDA?<\/p>\n\n\n\n<p>Desde ahora les podemos anticipar que Salom\u00f3n Jara Cruz continuar\u00e1 en el cargo.<\/p>\n\n\n\n<p>Primero, porque las bases morenistas y bur\u00f3cratas han estado trabajando en ello desde mediados del a\u00f1o pasado, convenciendo por distintos m\u00e9todos al electorado morenista.<\/p>\n\n\n\n<p>Por ejemplo, tan s\u00f3lo para determinar que s\u00ed se haga la consulta, la maquinaria guinda logr\u00f3 presentar alrededor de 700 mil firmas, cuando se requer\u00edan al menos 300 mil; finalmente el IEEPCO valid\u00f3 518 mil 979 de ellas.<\/p>\n\n\n\n<p>En teor\u00eda, Salom\u00f3n Jara no deber\u00eda estar preocupado porque la mayor\u00eda decida que deje el cargo, pues sus propios n\u00fameros les dan la confianza de que el voto ser\u00e1 porque contin\u00fae hasta terminar el sexenio.<\/p>\n\n\n\n<p>Sin embargo, las dudas y temores ha envuelto al gobierno morenista y le ha llevado a cometer m\u00faltiples pifias.<\/p>\n\n\n\n<p>Como por ejemplo promover masivamente, ya se en carteles, espectaculares, lonas o perifoneo, que se vote a favor de Jara Cruz; en en el interior del estado, funcionarios estatales y presidentes municipales est\u00e1n promoviendo abiertamente el respaldo al titular del Poder Ejecutivo.<\/p>\n\n\n\n<p>Es una promoci\u00f3n in\u00e9dita, al igual que la jornada, pues seg\u00fan la Comisi\u00f3n de Quejas del IEEPCO, ha recibido hasta el fin de semana al menos 26 denuncias, por lo cual pidi\u00f3 a las instancias correspondientes retirar dicha publicidad.<\/p>\n\n\n\n<p>Eso ha dado pie a que a muy disminuida oposici\u00f3n, tenga m\u00e1s elementos y material para redes sociales a fin de criticar este ejercicio.&nbsp;<\/p>\n\n\n\n<p>No hay una verdadera oposici\u00f3n a Morena que realmente haga reflexionar al electorado que el gobernador debe irse. La \u00fanica fuerza est\u00e1 en las redes sociales\u2026 y le ha ha ganado al gobierno.<\/p>\n\n\n\n<p>Muy escasas voces de cr\u00edtica y advertencia, como la del soci\u00f3logo y periodista Isidoro Yescas Mart\u00ednez.<\/p>\n\n\n\n<p>Tampoco deber\u00eda haber preocupaci\u00f3n en el gobierno, pues para que el ejercicio sea vinculante, es decir sea reconocido legalmente, deber\u00e1 votar al menos el 40 por ciento del padr\u00f3n, es decir un mill\u00f3n 200 mil habitantes.<\/p>\n\n\n\n<p>As\u00ed que gane o pierda en la consulta, el pr\u00f3ximo domingo, la duda de que sea v\u00e1lido se impone hasta ahora, por m\u00faltiples razones, entre ellas un bajo n\u00famero de casillas que se instalar\u00e1n (2,800, la mitad de un proceso comicial normal) y el tiempo tan corto que se destin\u00f3 al proceso,&nbsp;<\/p>\n\n\n\n<p>Jara Cruz y la mayor\u00eda de sus funcionarios si bien han acatado p\u00fablicamente la veda, soterradamente muchos bur\u00f3cratas est\u00e1n haciendo labor de convencimiento.&nbsp;<\/p>\n\n\n\n<p>Entonces, aunque gane y sea ratificado en el cargo, el gobernador tendr\u00e1 ya una mancha no tan democr\u00e1tica en su administraci\u00f3n.<\/p>\n","protected":false},"excerpt":{"rendered":"<p>Ismael Garc\u00eda M.\/Zona Roja. Oaxaca, Oax., a 19 de enero de 2026.- El pr\u00f3ximo domingo,&hellip;<\/p>\n","protected":false},"author":2,"featured_media":67764,"comment_status":"closed","ping_status":"open","sticky":false,"template":"","format":"standard","meta":{"_lmt_disableupdate":"","_lmt_disable":"","_jetpack_memberships_contains_paid_content":false,"footnotes":""},"categories":[456,109,48],"tags":[1353],"class_list":["post-89232","post","type-post","status-publish","format-standard","has-post-thumbnail","hentry","category-columna","category-minuto-a-minuto","category-zona-critica","tag-opinion-zona-critica"],"jetpack_featured_media_url":"https:\/\/zonaroja.com.mx\/wp-content\/uploads\/2024\/04\/Opinion-Zona-Roja-Ismael-Garcia.jpg","jetpack_sharing_enabled":true,"_links":{"self":[{"href":"https:\/\/zonaroja.com.mx\/index.php?rest_route=\/wp\/v2\/posts\/89232","targetHints":{"allow":["GET"]}}],"collection":[{"href":"https:\/\/zonaroja.com.mx\/index.php?rest_route=\/wp\/v2\/posts"}],"about":[{"href":"https:\/\/zonaroja.com.mx\/index.php?rest_route=\/wp\/v2\/types\/post"}],"author":[{"embeddable":true,"href":"https:\/\/zonaroja.com.mx\/index.php?rest_route=\/wp\/v2\/users\/2"}],"replies":[{"embeddable":true,"href":"https:\/\/zonaroja.com.mx\/index.php?rest_route=%2Fwp%2Fv2%2Fcomments&post=89232"}],"version-history":[{"count":2,"href":"https:\/\/zonaroja.com.mx\/index.php?rest_route=\/wp\/v2\/posts\/89232\/revisions"}],"predecessor-version":[{"id":89239,"href":"https:\/\/zonaroja.com.mx\/index.php?rest_route=\/wp\/v2\/posts\/89232\/revisions\/89239"}],"wp:featuredmedia":[{"embeddable":true,"href":"https:\/\/zonaroja.com.mx\/index.php?rest_route=\/wp\/v2\/media\/67764"}],"wp:attachment":[{"href":"https:\/\/zonaroja.com.mx\/index.php?rest_route=%2Fwp%2Fv2%2Fmedia&parent=89232"}],"wp:term":[{"taxonomy":"category","embeddable":true,"href":"https:\/\/zonaroja.com.mx\/index.php?rest_route=%2Fwp%2Fv2%2Fcategories&post=89232"},{"taxonomy":"post_tag","embeddable":true,"href":"https:\/\/zonaroja.com.mx\/index.php?rest_route=%2Fwp%2Fv2%2Ftags&post=89232"}],"curies":[{"name":"wp","href":"https:\/\/api.w.org\/{rel}","templated":true}]}}