{"id":89234,"date":"2026-01-19T13:27:00","date_gmt":"2026-01-19T19:27:00","guid":{"rendered":"https:\/\/zonaroja.com.mx\/?p=89234"},"modified":"2026-01-19T14:55:17","modified_gmt":"2026-01-19T20:55:17","slug":"deja-21-muertos-y-100-heridos-el-descarrilamiento-de-tren-de-alta-velocidad-en-espana","status":"publish","type":"post","link":"https:\/\/zonaroja.com.mx\/?p=89234","title":{"rendered":"Deja m\u00e1s de 40 muertos y 100 heridos el descarrilamiento de tren de alta velocidad en Espa\u00f1a"},"content":{"rendered":"\n<p>Redacci\u00f3n\/Zona Roja Cdmx.<\/p>\n\n\n\n<p>(Informaci\u00f3n de \u201cLa Jornada\u201d)<\/p>\n\n\n\n<p>Ciudad de M\u00e9xico, a 19 de enero de 2026.- M\u00e1s de 40 muertos y al menos 100 heridos, 30 de ellos de gravedad, es el saldo preliminar del descarrilamiento ayer de un tren de alta velocidad en el sur de Espa\u00f1a, donde salt\u00f3 a la v\u00eda en direcci\u00f3n opuesta e impact\u00f3 a otro convoy.<\/p>\n\n\n\n<p>Se trata del primer gran accidente ocurrido en la red de alta velocidad ferroviaria en Espa\u00f1a, que tiene m\u00e1s de 4 mil kil\u00f3metros de longitud y es la segunda m\u00e1s grande del mundo, s\u00f3lo detr\u00e1s de una l\u00ednea en China.<\/p>\n\n\n\n<p>El siniestro sucedi\u00f3 en la v\u00eda que comunica Madrid con Sevilla, la capital de Andaluc\u00eda, la primera que se construy\u00f3 en 1992 para agilizar la conectividad ante la celebraci\u00f3n de la Exposici\u00f3n Universal.<\/p>\n\n\n\n<p>Los trenes de alta velocidad en Espa\u00f1a viajan a entre 250 y 300 kil\u00f3metros por hora.<\/p>\n\n\n\n<p>Al cierre de esta edici\u00f3n se investigaban a\u00fan las causas. El accidente se produjo a las 19:39 horas, cuando el tren LD AV Iryo 6189 M\u00e1laga- Atocha, con 317 personas, descarril\u00f3 en sus tres \u00faltimos vagones en los desv\u00edos de entrada de v\u00eda e invadi\u00f3 la v\u00eda contigua, por la que circulaba otro tren que viajaba de Madrid a Huelva, que tambi\u00e9n descarril\u00f3. Uno de los fallecidos es el maquinista de este \u00faltimo convoy.<\/p>\n","protected":false},"excerpt":{"rendered":"<p>Redacci\u00f3n\/Zona Roja Cdmx. (Informaci\u00f3n de \u201cLa Jornada\u201d) Ciudad de M\u00e9xico, a 19 de enero de&hellip;<\/p>\n","protected":false},"author":2,"featured_media":89235,"comment_status":"closed","ping_status":"open","sticky":false,"template":"","format":"standard","meta":{"_lmt_disableupdate":"","_lmt_disable":"","_jetpack_memberships_contains_paid_content":false,"footnotes":""},"categories":[109,47],"tags":[],"class_list":["post-89234","post","type-post","status-publish","format-standard","has-post-thumbnail","hentry","category-minuto-a-minuto","category-zona-gris"],"jetpack_featured_media_url":"https:\/\/zonaroja.com.mx\/wp-content\/uploads\/2026\/01\/Tren-espana-muertos.jpeg","jetpack_sharing_enabled":true,"_links":{"self":[{"href":"https:\/\/zonaroja.com.mx\/index.php?rest_route=\/wp\/v2\/posts\/89234","targetHints":{"allow":["GET"]}}],"collection":[{"href":"https:\/\/zonaroja.com.mx\/index.php?rest_route=\/wp\/v2\/posts"}],"about":[{"href":"https:\/\/zonaroja.com.mx\/index.php?rest_route=\/wp\/v2\/types\/post"}],"author":[{"embeddable":true,"href":"https:\/\/zonaroja.com.mx\/index.php?rest_route=\/wp\/v2\/users\/2"}],"replies":[{"embeddable":true,"href":"https:\/\/zonaroja.com.mx\/index.php?rest_route=%2Fwp%2Fv2%2Fcomments&post=89234"}],"version-history":[{"count":3,"href":"https:\/\/zonaroja.com.mx\/index.php?rest_route=\/wp\/v2\/posts\/89234\/revisions"}],"predecessor-version":[{"id":89242,"href":"https:\/\/zonaroja.com.mx\/index.php?rest_route=\/wp\/v2\/posts\/89234\/revisions\/89242"}],"wp:featuredmedia":[{"embeddable":true,"href":"https:\/\/zonaroja.com.mx\/index.php?rest_route=\/wp\/v2\/media\/89235"}],"wp:attachment":[{"href":"https:\/\/zonaroja.com.mx\/index.php?rest_route=%2Fwp%2Fv2%2Fmedia&parent=89234"}],"wp:term":[{"taxonomy":"category","embeddable":true,"href":"https:\/\/zonaroja.com.mx\/index.php?rest_route=%2Fwp%2Fv2%2Fcategories&post=89234"},{"taxonomy":"post_tag","embeddable":true,"href":"https:\/\/zonaroja.com.mx\/index.php?rest_route=%2Fwp%2Fv2%2Ftags&post=89234"}],"curies":[{"name":"wp","href":"https:\/\/api.w.org\/{rel}","templated":true}]}}